{"id":6625,"date":"2020-08-24T20:27:37","date_gmt":"2020-08-24T18:27:37","guid":{"rendered":"https:\/\/koszur.net\/?p=6625"},"modified":"2023-08-28T11:27:41","modified_gmt":"2023-08-28T09:27:41","slug":"sierpien-1980-kto-co-gdzie-kiedy-dlaczego-cz-2","status":"publish","type":"post","link":"https:\/\/koszur.net\/index.php\/2020\/08\/24\/sierpien-1980-kto-co-gdzie-kiedy-dlaczego-cz-2\/","title":{"rendered":"Sierpie\u0144 1980 &#8211; Kto, co, gdzie, kiedy, dlaczego &#8211; cz. 2"},"content":{"rendered":"<hr \/>\n<p>\u2013 Bo to wa\u017cne, \u017ceby wiedzie\u0107!<\/p>\n<p>Naczelny, Zbigniew Puchalski poda\u0142 mi kartk\u0119 z tak charakterystycznym dla charakteru jego pisma zawijasami. Jaki\u015b numer telefonu, dwa nazwiska.<\/p>\n<p>\u2013 Zg\u0142osi si\u0119 pan w sekretariacie Pierwszego. B\u0119dzie tam towarzysz Barcikowski. On wie, \u017ce pan przyjedzie. Prosz\u0119 wzi\u0105\u0107 dodatkow\u0105 ta\u015bm\u0119. B\u0119dzie pan chodzi\u0142 jak cie\u0144 za sekretarzem Barcikowskim. Nie wiem, czy do\u0142\u0105czy tam kto\u015b z PAP, ale sadz\u0119, \u017ce oni maj\u0105 w\u0142asne kana\u0142y.<\/p>\n<div class=\"sc_infobox sc_infobox_style_regular sc_infobox_iconed no\" data-animation=\"animated bounceIn normal\" style=\"color:#000000;\"><p>W kiosku Komitetu Wojew\u00f3dzkiego zawsze mo\u017cna by\u0142o kupi\u0107 carmeny. Wzi\u0105\u0142em dwie paczki. Poszed\u0142em na g\u00f3r\u0119. W sekretariacie \u2013 dosta\u0142em kaw\u0119 i naj\u015bwie\u017csze nas\u0142uchy Wolnej Europy. Wi\u0119kszo\u015b\u0107 z nich nagra\u0142em ju\u017c kilka dni temu z cudem zdobytego radioodbiornika \u201eAmator Stereo\u201d. In\u017cynier Jurek Kot do\u0142o\u017cy\u0142 g\u0142owic\u0119 UKF do odbioru zachodnich stacji. Ale teraz liczy\u0142y si\u0119 te kr\u00f3tkie, zazwyczaj zag\u0142uszane przez elektroniczne szczekaczki, ale do\u015b\u0107 dobrze odbierane po p\u00f3\u0142nocy, gdy poprawia\u0142a si\u0119 propagacja fal radiowych. Zda\u0142em sobie spraw\u0119, \u017ce nie powiedzia\u0142em \u017conie, gdzie id\u0119, na jak d\u0142ugo, co zrobimy na obiad? Znowu og\u00f3rkowa czy mielone?<\/p>\n<p>Siedz\u0119 w KW ju\u017c kolejn\u0105 godzin\u0119. Zadzwoni\u0142em do redakcji. Serwis popo\u0142udniowy p\u00f3jdzie z ta\u015bmy. Teksty do jutrzejszego Studia Ba\u0142tyk przeczytam i zatwierdz\u0119 wieczorem. No, a jak b\u0119d\u0119 tutaj siedzia\u0142 do rana, to co? Ryszard Bogunowicz za\u017cartowa\u0142, gdy do niego zadzwoni\u0142em z pro\u015bb\u0105, czy nie przeczyta\u0142by serwisu, bo nie wiem, kiedy st\u0105d wyjd\u0119?<\/p>\n<p>\u2013 Robisz karier\u0119! Ma\u0142y \u015bwiatek Samy Lee! \u2013 cz\u0119sto przywo\u0142ywa\u0142 tytu\u0142 tego filmu, gdy komentowa\u0142 moje radiowe poczynania. &#8211; Taki jak ty to\u2026<\/p>\n<p>W tej samej chwili otworzy\u0142y si\u0119 drzwi gabinetu pierwszego sekretarza\u2026. Sekretarka unios\u0142a si\u0119 i chcia\u0142a mnie przedstawi\u0107 Kazimierzowi Barcikowskiemu.<\/p>\n<p>\u2013 A, to pewnie wy jeste\u015bcie z radia? Prosz\u0119, wejd\u017acie.<\/p>\n<p>Pojedziemy do stoczni. Mam notowa\u0107 i rejestrowa\u0107 przebieg rozm\u00f3w. Nie u\u017cy\u0142 s\u0142owa: negocjacji, pami\u0119tam doskonale. Rozmowy.<\/p>\n<p>\u2013 Fajn\u0105 audycj\u0119 sobie po wszystkim zrobicie\u2026 Mo\u017ce pos\u0142ucham?<\/p>\n<p>Na wewn\u0119trznym dziedzi\u0144cu komitetu czeka\u0142y dwa auta. Jecha\u0142em tym drugim. Wcze\u015bniej uzgodni\u0142em, \u017ce relacje do dziennik\u00f3w i Sygna\u0142\u00f3w b\u0119d\u0119 przesy\u0142a\u0142 dalekopisem z sekretariatu dyrektora stoczni. Ale mam by\u0107 jak cie\u0144 Barcikowskiego? Trudno, w redakcji musz\u0105 sobie radzi\u0107 sami.<\/p>\n<p><em><span style=\"color: #800000;\"><\/div><\/span><\/em><\/p>\n<p>P\u00f3\u017anym popo\u0142udniem wjechali\u015bmy przez bram\u0119 g\u0142\u00f3wn\u0105 Warskiego. Mn\u00f3stwo os\u00f3b ustawi\u0142o si\u0119 wzd\u0142u\u017c drogi. Dziwne uczucie. Do dzi\u015b nie umiem nazwa\u0107 atmosfery i klimatu, jaki towarzyszy\u0142 przybyciu delegacji rz\u0105dowej. Kiedy by\u0142em po tamtej stronie \u2013 czu\u0142o si\u0119 rozedrganie, wzajemne si\u0119 motywowanie, cz\u0119sto \u017carty i kawa\u0142y. Normalna, stoczniowa rzeczywisto\u015b\u0107. Twardziele, troch\u0119 zarozumiali, wygadani. Czu\u0107 by\u0142o si\u0142\u0119. Teraz \u2013 stali w milczeniu. W\u0142adza wyzwala w ludziach pokor\u0119. Ka\u017cda w\u0142adza.<\/p>\n<p>Ale te\u017c wszyscy ju\u017c wiedzieli \u2013 tego strajku, tego protestu nie da si\u0119 zlekcewa\u017cy\u0107, rozp\u0119dzi\u0107. Rz\u0105d zrozumia\u0142, \u017ce jakiekolwiek argumenty poza rozmowami nie znajd\u0105 zrozumienia i akceptacji u zebranych tu ludzi.<\/p>\n<p>Stoczniowy radiow\u0119ze\u0142 pracowa\u0142 bez wytchnienia.<\/p>\n<div class=\"wp-playlist wp-audio-playlist wp-playlist-light\">\n\t\t\t<div class=\"wp-playlist-current-item\"><\/div>\n\t\t<audio controls=\"controls\" preload=\"none\" width=\"1148\"\n\t\t\t><\/audio>\n\t<div class=\"wp-playlist-next\"><\/div>\n\t<div class=\"wp-playlist-prev\"><\/div>\n\t<noscript>\n\t<ol>\n\t\t<li><a href='https:\/\/koszur.net\/wp-content\/uploads\/2020\/08\/strajk-1980-04.mp3'>Strajk 1980 - Stocznia Warskiego - Radiow\u0119ze\u0142<\/a><\/li>\t<\/ol>\n\t<\/noscript>\n\t<script type=\"application\/json\" class=\"wp-playlist-script\">{\"type\":\"audio\",\"tracklist\":true,\"tracknumbers\":true,\"images\":false,\"artists\":true,\"tracks\":[{\"src\":\"https:\/\/koszur.net\/wp-content\/uploads\/2020\/08\/strajk-1980-04.mp3\",\"type\":\"audio\/mpeg\",\"title\":\"Strajk 1980 - Stocznia Warskiego - Radiow\\u0119ze\\u0142\",\"caption\":\"Ca\\u0142odobowe transmisje stoczniowego radiow\\u0119z\\u0142a. G\\u0142os Stanis\\u0142awa W\\u0105do\\u0142owskiego.\",\"description\":\"\",\"meta\":{\"artist\":\"Marek Koszur\",\"album\":\"Nie zagasi\\u0107 tego ognia - fragmenty reporta\\u017cu\",\"year\":\"2020\",\"length_formatted\":\"3:16\"},\"image\":{\"src\":\"https:\/\/koszur.net\/wp-content\/uploads\/2020\/08\/strajk-warski-1980-03a.jpg\",\"width\":400,\"height\":600},\"thumb\":{\"src\":\"https:\/\/koszur.net\/wp-content\/uploads\/2020\/08\/strajk-warski-1980-03a-150x150.jpg\",\"width\":150,\"height\":150}}]}<\/script>\n<\/div>\n\t\n<p>Panowie Jurczyk i W\u0105do\u0142owski ju\u017c wychodzili na spotkanie z delegacj\u0105 rz\u0105dow\u0105. Zayta\u0142em o postulaty, o determinacj\u0119.<\/p>\n<p>&#8211; Nie odst\u0105pimy.<br \/>\n&#8211; A jak si\u0119 nie zgodz\u0105?<br \/>\n&#8211; Widzi pan tych ludzi? \u2013 Marian Jurczyk przywita\u0142 si\u0119 z kim\u015b stoj\u0105cym na chodniku wewn\u0105trz stoczniowej alejki. \u2013 Widzi Pan tych ludzi? Oni ju\u017c wiedz\u0105, \u017ce nasze postulaty musz\u0105 by\u0107 spe\u0142nione.<br \/>\n&#8211; Ale w Gda\u0144sku jest wi\u0119cej ludzi.<br \/>\n&#8211; Wi\u0119c bierzemy rz\u0105d w dwa ognie!<\/p>\n<p>W\u00f3zek akumulatorowy odci\u0105\u0142 mnie od zwi\u0105zkowc\u00f3w. Ugryz\u0142em si\u0119 w j\u0119zyk. Po choler\u0119 wdaj\u0119 si\u0119 w takie filipiki. Przecie\u017c nikt mi tego nie pu\u015bci na anten\u0119.<\/p>\n<p>Kto\u015b zagwizda\u0142 na palcach. Inni zacz\u0119li klaska\u0107. Wyszli\u015bmy przez boczn\u0105 furt\u0119 obok wartowni przy bramie g\u0142\u00f3wnej.<\/p>\n<p>Auto z Barcikowskim zatrzyma\u0142o si\u0119 przed budynkiem dyrekcyjnym, kilkadziesi\u0105t metr\u00f3w przed udekorowan\u0105 bram\u0105 stoczni.<\/p>\n<p>Grupa negocjator\u00f3w wesz\u0142a do sali konferencyjnej.<\/p>\n<p>Powitanie, uprzejme, z u\u015bciskiem d\u0142oni. Barcikowski najwyra\u017aniej czu\u0142 si\u0119 tu gospodarzem.<\/p>\n<p>&#8211; No to zaczynajmy, towarzysze. Proponuj\u0119 taki porz\u0105dek spotkania\u2026<\/p>\n<p>Po godzinie &#8211; dym papierosowy idealnie po\u0142\u0105czy\u0142 obie uk\u0142adaj\u0105ce si\u0119 strony. Wype\u0142nia\u0142 sal\u0119, mimo uchylonych okien. Wyst\u0105pienia, najcz\u0119\u015bciej z kartki. Absolutnie rzeczowe, wyg\u0142aszane spokojnym stanowczym g\u0142osem, sformu\u0142owane niczym wnioski, a nie propozycje do dyskusji.<\/p>\n<p>Siedzia\u0142em na krze\u015ble, lekko odsuni\u0119tym od sto\u0142u prezydialnego, tu\u017c za Kazimierzem Barcikowskim. On chyba nigdy si\u0119 nie u\u015bmiecha\u0142. Notowa\u0142 uwagi. Z rzadka spogl\u0105da\u0142 na przemawiaj\u0105cych.<\/p>\n<p>Ka\u017cde z tych spotka\u0144 ko\u0144czy\u0142 kr\u00f3tkim podsumowaniem i zaproszeniem na kolejn\u0105 debat\u0119. Uwagi i postulaty dzisiejsze trzeba przemy\u015ble\u0107. Wy te\u017c dyskutujcie, pami\u0119tajcie, nikt nie jest cudotw\u00f3rc\u0105.<\/p>\n<p>&#8211; Wsiadaj \u2013 powiedzia\u0142, widz\u0105c, \u017ce podjecha\u0142 tylko jeden samoch\u00f3d. \u2013 Gdzie ci\u0119 podwie\u017a\u0107?<br \/>\n&#8211; Do rozg\u0142o\u015bni, bardzo prosz\u0119.<br \/>\n&#8211; I co z tego dzisiejszego spotkania przeka\u017cesz? \u2013 zapyta\u0142 po chwili.<br \/>\n&#8211; Zwi\u0105zki, ceny, pensje\u2026<\/p>\n<p>&#8211; Daj spok\u00f3j, to wszyscy m\u00f3wi\u0105 i pisz\u0105. Powiedz, \u017ce si\u0119 dogadujemy. Ju\u017c ty tam wiesz, jak to sformu\u0142owa\u0107. Oni maj\u0105 racj\u0119. Ale my mamy ograniczone mo\u017cliwo\u015bci. Ca\u0142a sztuka, \u017ceby\u015bmy si\u0119 zgrali. Ale tego nie nagrywaj. Zreszt\u0105 i tak by ci tego nie pu\u015bcili.<\/p>\n<div class=\"sc_infobox sc_infobox_style_regular sc_infobox_iconed no\" data-animation=\"animated bounceIn normal\" style=\"color:#000000;\"><p>Ju\u017c po pierwszym spotkaniu odnios\u0142em wra\u017cenie, \u017ce Kazimierz Barcikowski nie chcia\u0142 mnie przekona\u0107, pozyska\u0107 ale wysondowa\u0107.<\/p>\n<p>&#8211; A co w redakcji? \u2013 zapyta\u0142<br \/>\n&#8211; Strajki. Inne kwestie ju\u017c si\u0119 nie mieszcz\u0105 si\u0119 w serwisach.<br \/>\n&#8211; Ale namawiacie do strajk\u00f3w? \u2013 wydawa\u0142o mi si\u0119, \u017ce za\u017cartowa\u0142.<br \/>\n&#8211; Nie musimy. Codziennie robimy ankiety uliczne. Pytania s\u0105 zb\u0119dne. Ludzie s\u0105 zgodni. I zdeterminowani. Szczeg\u00f3lnie kobiety.<br \/>\n&#8211; Komentarze mo\u017cna odpowiednio dobra\u0107, ustawi\u0107\u2026 &#8211; otwartymi d\u0142o\u0144mi przeciera\u0142 twarz, lekko opu\u015bci\u0142 szyb\u0119. \u2013 Jak to nazywacie \u2013 budowanie napi\u0119cia?<br \/>\n&#8211; To jest metoda dobra w transmisji sportowej \u2026 \u2013 poczu\u0142em si\u0119 lekko dotkni\u0119ty.<br \/>\n&#8211; Czego\u015b wam brakuje?<br \/>\n&#8211; Nie, mo\u017ce za du\u017co \u201emusik\u00f3w\u201d (informacje agencyjne z centrali, tak zwane obowi\u0105zkowe do umieszczenia w serwisie, zazwyczaj masakrowane przez nas redakcyjnie). Bo skr\u00f3ty mogli\u015bmy robi\u0107. Nie wolno by\u0142o zmienia\u0107 wymowy i sensu przekazu PAPowskiego.<br \/>\n&#8211; Wiecie, z Warszawy lepiej wida\u0107, sp\u0142ywaj\u0105 meldunki z ca\u0142ego kraju, lepiej z tej perspektywy ocenia\u0107 og\u00f3ln\u0105 sytuacj\u0119\u2026<br \/>\n&#8211; Ale ludzie chc\u0105 wiedzie\u0107, dlaczego tramwaje przesta\u0142y kursowa\u0107 w Szczecinie a nie w Lublinie\u2026 Musimy mie\u0107 wi\u0119cej anteny na lokalne informacje.<br \/>\n&#8211; Tak, ka\u017cdy co\u015b musi\u2026<\/p>\n<p>Auto zatrzyma\u0142o si\u0119 przed rozg\u0142o\u015bni\u0105 przy Al. Wojska Polskiego.<\/p>\n<p>&#8211; Tutaj? \u2013 Zapyta\u0142 Kazimierz Barcikowski.<br \/>\n&#8211; Tak, dzi\u0119kuj\u0119.<br \/>\n&#8211; No to do jutra.<\/p>\n<p>Wszystko co w tamtych dniach rzeczywi\u015bcie wynegocjowa\u0142em z cenzur\u0105 i kierownictwem radia to zdanie, \u017ce rozmowy trwaj\u0105, omawiane i uzgadniane s\u0105 szczeg\u00f3\u0142owe rozwi\u0105zania.<\/p>\n<p>I tak by\u0142o przez kilka dni. Jechali\u015bmy do stoczni, wracali\u015bmy do komitetu, stamt\u0105d p\u0119dzi\u0142em do rozg\u0142o\u015bni.<\/p>\n<p><em><span style=\"color: #800000;\"><\/div><\/span><\/em><\/p>\n<div class=\"wp-playlist wp-audio-playlist wp-playlist-light\">\n\t\t\t<div class=\"wp-playlist-current-item\"><\/div>\n\t\t<audio controls=\"controls\" preload=\"none\" width=\"1148\"\n\t\t\t><\/audio>\n\t<div class=\"wp-playlist-next\"><\/div>\n\t<div class=\"wp-playlist-prev\"><\/div>\n\t<noscript>\n\t<ol>\n\t\t<li><a href='https:\/\/koszur.net\/wp-content\/uploads\/2020\/08\/strajk-1980-05.mp3'>Strajk 1980 - Stocznia Warskiego - Radiow\u0119ze\u0142<\/a><\/li>\t<\/ol>\n\t<\/noscript>\n\t<script type=\"application\/json\" class=\"wp-playlist-script\">{\"type\":\"audio\",\"tracklist\":true,\"tracknumbers\":true,\"images\":true,\"artists\":true,\"tracks\":[{\"src\":\"https:\/\/koszur.net\/wp-content\/uploads\/2020\/08\/strajk-1980-05.mp3\",\"type\":\"audio\/mpeg\",\"title\":\"Strajk 1980 - Stocznia Warskiego - Radiow\\u0119ze\\u0142\",\"caption\":\"Ca\\u0142odobowe transmisje stoczniowego radiow\\u0119z\\u0142a. G\\u0142os Stanis\\u0142awa W\\u0105do\\u0142owskiego.\",\"description\":\"Nie zagasi\\u0107 tego ognia - fragmenty reporta\\u017cu\",\"meta\":{\"artist\":\"Marek Koszur\",\"album\":\"Nie zagasi\\u0107 tego ognia - fragmenty reporta\\u017cu\",\"year\":\"2020\",\"length_formatted\":\"3:04\"},\"image\":{\"src\":\"https:\/\/koszur.net\/wp-content\/uploads\/2020\/08\/strajk-warski-1980-03b.jpg\",\"width\":400,\"height\":600},\"thumb\":{\"src\":\"https:\/\/koszur.net\/wp-content\/uploads\/2020\/08\/strajk-warski-1980-03b-150x150.jpg\",\"width\":150,\"height\":150}}]}<\/script>\n<\/div>\n\t<div class=\"sc_infobox sc_infobox_style_regular sc_infobox_iconed no\" data-animation=\"animated bounceIn normal\" style=\"color:#000000;\"><\/p>\n<p>Kt\u00f3rego\u015b dnia odbywa\u0142a si\u0119 narada aktywu w KW PZPR przy Placu \u017bo\u0142nierza. Barcikowski informowa\u0142 aktyw o sytuacji, o przebiegu rozm\u00f3w, nastrojach i przewidywaniach. Cz\u0119\u015b\u0107 druga, po przerwie, by\u0142a przeznaczona na pytania i dyskusj\u0119.<\/p>\n<p>Potrzebowa\u0142em kr\u00f3tkie resume tego wyst\u0105pienia dla programu og\u00f3lnopolskiego. Ca\u0142o\u015b\u0107 by\u0142a rejestrowana przez w\u00f3z transmisyjny, ale ja chcia\u0142em, aby Kazimierz Barcikowski powiedzia\u0142 do mojego mikrofonu, tak jak wtedy, w aucie.<\/p>\n<p>Wyszli\u015bmy na korytarz obstawiony przez kilka setek papieros\u00f3w w ustach partyjnych dzia\u0142aczy, nieustannie gestykuluj\u0105cych, niemal\u017ce krzycz\u0105cych, ale szeptem. Twardy aktyw.<\/p>\n<p>&#8211; Nie mamy czasu, nagrywaj tutaj \u2013 powiedzia\u0142 Kazimierz Barcikowski i ruszy\u0142 po czerwonym chodniku, kt\u00f3rym by\u0142 wy\u0142o\u017cony korytarz. \u2013 Jest tu u was, zreszt\u0105 nie tylko w Szczecinie wiele spraw zaniedbanych. Otrzymujemy wiele bardzo s\u0142usznych postulat\u00f3w, ale powinny one by\u0107 rozpatrywane w skali kraju, a nie tylko waszego regionu. Pami\u0119tajcie, \u017ce w Gda\u0144sku jest podobnie. I na \u015al\u0105sku.<\/p>\n<p>&#8211; Czy rz\u0105d spe\u0142ni postulaty?<\/p>\n<p>M\u00f3j rozm\u00f3wca uni\u00f3s\u0142 lekko wzrok, spojrzeli\u015bmy sobie w oczy i bez s\u0142owa, gestem, lekkim uniesieniem brwi zdawa\u0142 si\u0119 powiedzie\u0107 &#8211; nie wiem.<em><span style=\"color: #800000;\"><\/div><\/span><\/em><\/p>\n<p>Rano by\u0142em w stoczni. Nie dostrzeg\u0142em cienia triumfalizmu. W biurze projektowym zagadn\u0105\u0142em o produkcj\u0119 \u201eS\u201d. Ca\u0142o\u015b\u0107 armijnego wyposa\u017cenia dla Zwi\u0105zku Radzieckiego. Nigdy wcze\u015bniej nie by\u0142o mowy o jakimkolwiek podj\u0119ciu tego tematu. Tu i \u00f3wdzie s\u0142ysza\u0142o si\u0119 pomruki o niejasnych zasadach rozlicze\u0144 finansowych za t\u0119 produkcj\u0119.<\/p>\n<p>&#8211; Wie pan, my konstruujemy, liczymy, ca\u0142o\u015b\u0107 projektu przek\u0142adamy na proces technologiczny. My nie robimy polityki. Ale kt\u00f3rego\u015b dnia pewnie i o te sprawy trzeba b\u0119dzie zapyta\u0107. I je rozliczy\u0107.<\/p>\n<p>Tak oczywiste i nieod\u0142\u0105czne dla stoczniowego krajobrazu odg\u0142osy aparat\u00f3w spawalniczych, szlifierek czy m\u0142ot\u00f3w kszta\u0142tuj\u0105cych blachy zast\u0105pi\u0142 radiow\u0119ze\u0142.<\/p>\n<p><strong>Tematy wypowiedzi? Ci\u0105gle te same: oceny, krytyczne analizy, zarzuty.<\/strong><\/p>\n<p><strong>Jedno\u015b\u0107 trwa\u0142a tylko mgnienie\u2026 Solidarno\u015b\u0107 \u2013 najwy\u017cej dwie. <\/strong><\/p>\n<p>Po ponad czterdziestu latach od tamtych wydarze\u0144 widz\u0119 to lepiej ni\u017c wtedy. Je\u015bli dw\u00f3ch m\u0119\u017cczyzn poda sobie d\u0142onie w mocnym u\u015bcisku, zupe\u0142nie normalnym, atawistycznym ge\u015bcie, to odruchem sp\u0142atach d\u0142oni jest\u2026 rywalizacja. Si\u0142ujemy si\u0119? Take\u015b mocny? A, no to &#8211; sprawd\u017amy si\u0119? Najwi\u0119cej do powiedzenia w sprawie oceny tamtych dni maj\u0105 ludzie urodzeni po roku 1980. Uzbrojeni w naukowe tytu\u0142y, etaty instytucji historycznych, legitymacje partyjne prezentuj\u0105 wr\u0119cz arogancj\u0119 w ocenie tamtych dni, tak \u0142atwo pokazuj\u0105 b\u0142\u0119dy bohater\u00f3w pami\u0119tnego sierpnia. Co wi\u0119cej \u2013 w \u015brodowisku solidarno\u015bciowym potworzy\u0142y si\u0119 obozy, nie brak wr\u0119cz wrogo\u015bci wobec tych, z kt\u00f3rymi w\u00f3wczas tworzyli jeden front.<\/p>\n<p>Nie znajduj\u0119 odpowiedzi na pytanie \u2013 dlaczego?<\/p>\n<p>Jak to mo\u017cliwe, \u017ce ledwie w kilka dni po zako\u0144czeniu strajku, po paru tygodniach czy miesi\u0105cach, a po stanie wojennym w szczeg\u00f3lno\u015bci pu\u015bci\u0142y spawy solidarno\u015bciowego kad\u0142uba.<\/p>\n<p>Przecie\u017c wtedy, w sierpniu, nikt nie wiedzia\u0142, nie obejmowa\u0142 skali konfliktu. Nie by\u0142o \u015brodk\u00f3w komunikacji, nie by\u0142o system\u00f3w sondowania opinii spo\u0142ecznej na takim poziomie, jak wygl\u0105da to dzi\u015b! Pomni do\u015bwiadcze\u0144 z roku 1970 strajkuj\u0105cy nie mogli wykluczy\u0107 u\u017cycia si\u0142y przeciwko nim. Legendy o potajemnych, nocnych poch\u00f3wkach robotnik\u00f3w zabitych w 1970 roku wesz\u0142y do krwioobiegu tej spo\u0142eczno\u015bci.<\/p>\n<div class=\"sc_infobox sc_infobox_style_regular sc_infobox_iconed no\" data-animation=\"animated bounceIn normal\" style=\"color:#000000;\">By\u0142em wtedy uczniem Technikum Mechaniczno-Energetycznego. Przy Racibora. Szli\u015bmy po chodniku, asystuj\u0105c pochodowi robotnik\u00f3w zmierzaj\u0105cych pod Komitet Wojew\u00f3dzki. Jak zacz\u0119\u0142o si\u0119 strzelanie, w kilku koleg\u00f3w przeskoczyli\u015bmy na ulic\u0119 Obro\u0144c\u00f3w Stalingradu. Bar Turysta. Cz\u0119sto chodzili\u015bmy tam na marchewk\u0119 z groszkiem. Chodniki pobielone po \u0142adunkach z gazem \u0142zawi\u0105cym, sporo \u0142usek. \u015alady ostrego hamowania na jezdni.<\/p>\n<p>&#8211; Spieprza\u0107 mi st\u0105d \u2013 wrzasn\u0105\u0142 jaki\u015b przechodzie\u0144. \u2013 G\u00f3wniarze jedni, a matka b\u0119dzie potem p\u0142aka\u0107. Ju\u017c mi st\u0105d!<\/p>\n<p>Koniecznie chcieli\u015bmy si\u0119 przedosta\u0107 na podzamcze. Ale si\u0142a argumentu przechodnia podzia\u0142a\u0142a.<em><\/div><\/em><\/p>\n<p>Niewiedza, brak informacji, wiadomo\u015bci podawane selektywnie \u2013 trudno o lepszy spos\u00f3b budowania niepokoju. Portretowanie miasta w sierpniu 1980 roku zale\u017ca\u0142o g\u0142\u00f3wnie od wygodnych but\u00f3w i kondycji reportera. Niemal wsz\u0119dzie musia\u0142 dotrze\u0107 na piechot\u0119.<\/p>\n<p>Taki drobiazg\u2026 Kierowa\u0142em Redakcj\u0105 Informacji w Polskim Radiu Szczecin, odpowiada\u0142em za wszystkie przekazy news\u00f3w na anten\u0119 og\u00f3lnopolsk\u0105, a w domu nie mia\u0142em telefonu! Mia\u0142 go m\u00f3j s\u0105siad z drugiego pi\u0119tra, dziennikarz G\u0142osu Szczeci\u0144skiego. Ale mia\u0142 go dla siebie!<\/p>\n<p>Inny przyk\u0142ad\u2026 Speakerzy i autorzy radiowych program\u00f3w nocnych \u2013 ka\u017cdy mia\u0142 w szafce swoj\u0105 zmian\u0119 bielizny po\u015bcielowej. W studiu speakerskim, ma\u0142ej klitce bez okien, sta\u0142a rozk\u0142adana kanapa. Zawsze mo\u017cna by\u0142o tam po zako\u0144czeniu bloku nocnego przespa\u0107 si\u0119 od czwartej do rana. Teraz dy\u017cury by\u0142y ca\u0142odobowe. Kilka nocy przespa\u0142em na monta\u017c\u00f3wce, tej na strychu willi przy Al. Wojska Polskiego. Kilka w redakcji.<\/p>\n<p>G\u00f3r\u0119 nad refleksj\u0105, pokor\u0105 i skromno\u015bci\u0105 zwyci\u0119zcy (c\u00f3\u017c za absurdalne zestawienie!) wzi\u0119\u0142y ambicje &#8211; chore i pozbawione wyobra\u017ani. Szczeg\u00f3lnie po prze\u0142amaniu oporu w\u0142adzy, wywalczeniu cel\u00f3w strajkowych.<\/p>\n<p>&#8211; To dzi\u0119ki mnie, to m\u00f3j up\u00f3r, gdyby nie ja, my ich przycisn\u0119li\u015bmy\u2026 Nie tak to si\u0119 mia\u0142o sko\u0144czy\u0107, przekupili go, by\u0142 na ich smyczy, zdradzi\u0142 nasz\u0105 robociarsk\u0105 spraw\u0119.<\/p>\n<p>I \u2013 jak s\u0105dz\u0119 \u2013 pow\u00f3d drugi: podzia\u0142 \u0142up\u00f3w. Co mo\u017ce bardziej por\u00f3\u017cni\u0107 zwyci\u0119skich wodz\u00f3w? Prawid\u0142owo\u015b\u0107 znana od zawsze. Tyle, \u017ce spieraj\u0105cy si\u0119 w trafno\u015bci ocen tamtego okresu fachowcy nie kryj\u0105 swoich sympatii politycznych. \u0179d\u017ab\u0142o w oku przeciwnika dostrzeg\u0105, belki w swoim \u2013 nie widz\u0105c.<\/p>\n<p>W szybkim tempie, na zebraniach i spotkaniach pojawia\u0107 si\u0119 zacz\u0119li strajkowi przyw\u00f3dcy. Cz\u0119sto, nie bacz\u0105c na argumenty \u2013 niekt\u00f3rzy za wszelk\u0105 cen\u0119 chcieli postawi\u0107 na swoim.<\/p>\n<p>&#8211; Co? No to zaraz znowu staniemy. Chcecie?<\/p>\n<p>Inni posmakowali w\u0142adzy i ju\u017c zaczynali si\u0119 ni\u0105 delektowa\u0107. O, auto s\u0142u\u017cbowe, jedziemy na zjazd, pok\u00f3j hotelowy na XII pi\u0119trze, diety\u2026 Pilnik i aparat spawalniczy wielu zamieni\u0142o na automatyczny d\u0142ugopis, notes w sk\u00f3rzanej ok\u0142adce i fioletowy krawat. Sk\u00f3ra d\u0142oni si\u0119 wyg\u0142adzi\u0142a, nieod\u0142\u0105czny zapach towotu zast\u0105pi\u0142a kultowa woda kolo\u0144ska &#8211; Przemys\u0142awka. W kolejce do kiosku w komitecie wojew\u00f3dzkim ustawiali si\u0119 sekretarze i niedawni strajkuj\u0105cy.<\/p>\n<p>&#8211; Caro i carmeny, prosz\u0119.<\/p>\n<p>P\u00f3\u017aniej, obok Trybuny le\u017ca\u0142a Jedno\u015b\u0107, a Polityk\u0119 przykrywa\u0142a Solidarno\u015b\u0107\u2026<\/p>\n<p>&nbsp;<\/p>\n<div class=\"wp-playlist wp-audio-playlist wp-playlist-light\">\n\t\t\t<div class=\"wp-playlist-current-item\"><\/div>\n\t\t<audio controls=\"controls\" preload=\"none\" width=\"1148\"\n\t\t\t><\/audio>\n\t<div class=\"wp-playlist-next\"><\/div>\n\t<div class=\"wp-playlist-prev\"><\/div>\n\t<noscript>\n\t<ol>\n\t\t<li><a href='https:\/\/koszur.net\/wp-content\/uploads\/2020\/08\/strajk-1980-07.mp3'>Strajk 1980 - Stocznia Warskiego - Radiow\u0119ze\u0142<\/a><\/li>\t<\/ol>\n\t<\/noscript>\n\t<script type=\"application\/json\" class=\"wp-playlist-script\">{\"type\":\"audio\",\"tracklist\":true,\"tracknumbers\":true,\"images\":true,\"artists\":true,\"tracks\":[{\"src\":\"https:\/\/koszur.net\/wp-content\/uploads\/2020\/08\/strajk-1980-07.mp3\",\"type\":\"audio\/mpeg\",\"title\":\"Strajk 1980 - Stocznia Warskiego - Radiow\\u0119ze\\u0142\",\"caption\":\"Ca\\u0142odobowe transmisje stoczniowego radiow\\u0119z\\u0142a. G\\u0142os Stanis\\u0142awa W\\u0105do\\u0142owskiego.\",\"description\":\"\\\"strajk 1980 07\\\". Rok wydania: 2020.\",\"meta\":{\"artist\":\"Marek Koszur\",\"album\":\"Nie zagasi\\u0107 tego ognia - fragmenty reporta\\u017cu\",\"year\":\"2020\",\"length_formatted\":\"2:44\"},\"image\":{\"src\":\"https:\/\/koszur.net\/wp-content\/uploads\/2020\/08\/strajk-warski-1980-03d.jpg\",\"width\":400,\"height\":600},\"thumb\":{\"src\":\"https:\/\/koszur.net\/wp-content\/uploads\/2020\/08\/strajk-warski-1980-03d-150x150.jpg\",\"width\":150,\"height\":150}}]}<\/script>\n<\/div>\n\t\n<p>Cdn.<\/p>\n<p>&nbsp;<\/p>\n","protected":false},"excerpt":{"rendered":"<p>\u2013 Bo to wa\u017cne, \u017ceby wiedzie\u0107! Naczelny, Zbigniew Puchalski poda\u0142 mi kartk\u0119 z tak charakterystycznym dla charakteru jego pisma zawijasami. Jaki\u015b numer telefonu, dwa nazwiska. \u2013 Zg\u0142osi si\u0119 pan w sekretariacie Pierwszego. B\u0119dzie tam towarzysz Barcikowski. On wie, \u017ce pan przyjedzie. Prosz\u0119 wzi\u0105\u0107 dodatkow\u0105 ta\u015bm\u0119. B\u0119dzie pan chodzi\u0142 jak cie\u0144 za sekretarzem Barcikowskim. Nie wiem, [&hellip;]<\/p>\n","protected":false},"author":990004,"featured_media":6626,"comment_status":"open","ping_status":"open","sticky":false,"template":"","format":"standard","meta":{"footnotes":""},"categories":[135,85,285],"tags":[269,284,311,187,283],"class_list":["post-6625","post","type-post","status-publish","format-standard","has-post-thumbnail","hentry","category-datownik","category-post","category-sierpien-1980","tag-radio","tag-sierpien-1980","tag-solidarnosc","tag-stocznia","tag-strajk"],"yoast_head":"<!-- This site is optimized with the Yoast SEO plugin v27.4 - https:\/\/yoast.com\/product\/yoast-seo-wordpress\/ -->\n<title>Sierpie\u0144 1980 - Kto, co, gdzie, kiedy, dlaczego - cz. 2 - Marek Koszur<\/title>\n<meta name=\"description\" content=\"Sierpie\u0144 1980 - Kto, co, gdzie, kiedy, dlaczego - cz. 2 praca w redakcji informacji radia szczecin studio ba\u0142tyk\" \/>\n<meta name=\"robots\" content=\"index, follow, max-snippet:-1, max-image-preview:large, max-video-preview:-1\" \/>\n<link rel=\"canonical\" href=\"https:\/\/koszur.net\/index.php\/2020\/08\/24\/sierpien-1980-kto-co-gdzie-kiedy-dlaczego-cz-2\/\" \/>\n<meta property=\"og:locale\" content=\"pl_PL\" \/>\n<meta property=\"og:type\" content=\"article\" \/>\n<meta property=\"og:title\" content=\"Sierpie\u0144 1980 - Kto, co, gdzie, kiedy, dlaczego - cz. 2 - Marek Koszur\" \/>\n<meta property=\"og:description\" content=\"Sierpie\u0144 1980 - Kto, co, gdzie, kiedy, dlaczego - cz. 2 praca w redakcji informacji radia szczecin studio ba\u0142tyk\" \/>\n<meta property=\"og:url\" content=\"https:\/\/koszur.net\/index.php\/2020\/08\/24\/sierpien-1980-kto-co-gdzie-kiedy-dlaczego-cz-2\/\" \/>\n<meta property=\"og:site_name\" content=\"Marek Koszur\" \/>\n<meta property=\"article:published_time\" content=\"2020-08-24T18:27:37+00:00\" \/>\n<meta property=\"article:modified_time\" content=\"2023-08-28T09:27:41+00:00\" \/>\n<meta property=\"og:image\" content=\"https:\/\/koszur.net\/wp-content\/uploads\/2020\/08\/strajk-sierpien-1980-B.jpg\" \/>\n\t<meta property=\"og:image:width\" content=\"1920\" \/>\n\t<meta property=\"og:image:height\" content=\"1440\" \/>\n\t<meta property=\"og:image:type\" content=\"image\/jpeg\" \/>\n<meta name=\"author\" content=\"Marek Koszur\" \/>\n<meta name=\"twitter:card\" content=\"summary_large_image\" \/>\n<meta name=\"twitter:label1\" content=\"Napisane przez\" \/>\n\t<meta name=\"twitter:data1\" content=\"Marek Koszur\" \/>\n\t<meta name=\"twitter:label2\" content=\"Szacowany czas czytania\" \/>\n\t<meta name=\"twitter:data2\" content=\"12 minut\" \/>\n<script type=\"application\/ld+json\" class=\"yoast-schema-graph\">{\"@context\":\"https:\\\/\\\/schema.org\",\"@graph\":[{\"@type\":\"Article\",\"@id\":\"https:\\\/\\\/koszur.net\\\/index.php\\\/2020\\\/08\\\/24\\\/sierpien-1980-kto-co-gdzie-kiedy-dlaczego-cz-2\\\/#article\",\"isPartOf\":{\"@id\":\"https:\\\/\\\/koszur.net\\\/index.php\\\/2020\\\/08\\\/24\\\/sierpien-1980-kto-co-gdzie-kiedy-dlaczego-cz-2\\\/\"},\"author\":{\"name\":\"Marek Koszur\",\"@id\":\"https:\\\/\\\/koszur.net\\\/#\\\/schema\\\/person\\\/7b14121b857c4d0757fcdfee081ace92\"},\"headline\":\"Sierpie\u0144 1980 &#8211; Kto, co, gdzie, kiedy, dlaczego &#8211; cz. 2\",\"datePublished\":\"2020-08-24T18:27:37+00:00\",\"dateModified\":\"2023-08-28T09:27:41+00:00\",\"mainEntityOfPage\":{\"@id\":\"https:\\\/\\\/koszur.net\\\/index.php\\\/2020\\\/08\\\/24\\\/sierpien-1980-kto-co-gdzie-kiedy-dlaczego-cz-2\\\/\"},\"wordCount\":2363,\"commentCount\":0,\"image\":{\"@id\":\"https:\\\/\\\/koszur.net\\\/index.php\\\/2020\\\/08\\\/24\\\/sierpien-1980-kto-co-gdzie-kiedy-dlaczego-cz-2\\\/#primaryimage\"},\"thumbnailUrl\":\"https:\\\/\\\/koszur.net\\\/wp-content\\\/uploads\\\/2020\\\/08\\\/strajk-sierpien-1980-B.jpg\",\"keywords\":[\"radio\",\"sierpie\u0144 1980\",\"Solidarno\u015b\u0107\",\"stocznia\",\"strajk\"],\"articleSection\":[\"Datownik\",\"Post\",\"Sierpie\u0144 1980\"],\"inLanguage\":\"pl-PL\",\"potentialAction\":[{\"@type\":\"CommentAction\",\"name\":\"Comment\",\"target\":[\"https:\\\/\\\/koszur.net\\\/index.php\\\/2020\\\/08\\\/24\\\/sierpien-1980-kto-co-gdzie-kiedy-dlaczego-cz-2\\\/#respond\"]}]},{\"@type\":\"WebPage\",\"@id\":\"https:\\\/\\\/koszur.net\\\/index.php\\\/2020\\\/08\\\/24\\\/sierpien-1980-kto-co-gdzie-kiedy-dlaczego-cz-2\\\/\",\"url\":\"https:\\\/\\\/koszur.net\\\/index.php\\\/2020\\\/08\\\/24\\\/sierpien-1980-kto-co-gdzie-kiedy-dlaczego-cz-2\\\/\",\"name\":\"Sierpie\u0144 1980 - Kto, co, gdzie, kiedy, dlaczego - cz. 2 - Marek Koszur\",\"isPartOf\":{\"@id\":\"https:\\\/\\\/koszur.net\\\/#website\"},\"primaryImageOfPage\":{\"@id\":\"https:\\\/\\\/koszur.net\\\/index.php\\\/2020\\\/08\\\/24\\\/sierpien-1980-kto-co-gdzie-kiedy-dlaczego-cz-2\\\/#primaryimage\"},\"image\":{\"@id\":\"https:\\\/\\\/koszur.net\\\/index.php\\\/2020\\\/08\\\/24\\\/sierpien-1980-kto-co-gdzie-kiedy-dlaczego-cz-2\\\/#primaryimage\"},\"thumbnailUrl\":\"https:\\\/\\\/koszur.net\\\/wp-content\\\/uploads\\\/2020\\\/08\\\/strajk-sierpien-1980-B.jpg\",\"datePublished\":\"2020-08-24T18:27:37+00:00\",\"dateModified\":\"2023-08-28T09:27:41+00:00\",\"author\":{\"@id\":\"https:\\\/\\\/koszur.net\\\/#\\\/schema\\\/person\\\/7b14121b857c4d0757fcdfee081ace92\"},\"description\":\"Sierpie\u0144 1980 - Kto, co, gdzie, kiedy, dlaczego - cz. 2 praca w redakcji informacji radia szczecin studio ba\u0142tyk\",\"breadcrumb\":{\"@id\":\"https:\\\/\\\/koszur.net\\\/index.php\\\/2020\\\/08\\\/24\\\/sierpien-1980-kto-co-gdzie-kiedy-dlaczego-cz-2\\\/#breadcrumb\"},\"inLanguage\":\"pl-PL\",\"potentialAction\":[{\"@type\":\"ReadAction\",\"target\":[\"https:\\\/\\\/koszur.net\\\/index.php\\\/2020\\\/08\\\/24\\\/sierpien-1980-kto-co-gdzie-kiedy-dlaczego-cz-2\\\/\"]}]},{\"@type\":\"ImageObject\",\"inLanguage\":\"pl-PL\",\"@id\":\"https:\\\/\\\/koszur.net\\\/index.php\\\/2020\\\/08\\\/24\\\/sierpien-1980-kto-co-gdzie-kiedy-dlaczego-cz-2\\\/#primaryimage\",\"url\":\"https:\\\/\\\/koszur.net\\\/wp-content\\\/uploads\\\/2020\\\/08\\\/strajk-sierpien-1980-B.jpg\",\"contentUrl\":\"https:\\\/\\\/koszur.net\\\/wp-content\\\/uploads\\\/2020\\\/08\\\/strajk-sierpien-1980-B.jpg\",\"width\":1920,\"height\":1440},{\"@type\":\"BreadcrumbList\",\"@id\":\"https:\\\/\\\/koszur.net\\\/index.php\\\/2020\\\/08\\\/24\\\/sierpien-1980-kto-co-gdzie-kiedy-dlaczego-cz-2\\\/#breadcrumb\",\"itemListElement\":[{\"@type\":\"ListItem\",\"position\":1,\"name\":\"Strona g\u0142\u00f3wna\",\"item\":\"https:\\\/\\\/koszur.net\\\/\"},{\"@type\":\"ListItem\",\"position\":2,\"name\":\"Sierpie\u0144 1980 &#8211; Kto, co, gdzie, kiedy, dlaczego &#8211; cz. 2\"}]},{\"@type\":\"WebSite\",\"@id\":\"https:\\\/\\\/koszur.net\\\/#website\",\"url\":\"https:\\\/\\\/koszur.net\\\/\",\"name\":\"Marek Koszur\",\"description\":\"\",\"potentialAction\":[{\"@type\":\"SearchAction\",\"target\":{\"@type\":\"EntryPoint\",\"urlTemplate\":\"https:\\\/\\\/koszur.net\\\/?s={search_term_string}\"},\"query-input\":{\"@type\":\"PropertyValueSpecification\",\"valueRequired\":true,\"valueName\":\"search_term_string\"}}],\"inLanguage\":\"pl-PL\"},{\"@type\":\"Person\",\"@id\":\"https:\\\/\\\/koszur.net\\\/#\\\/schema\\\/person\\\/7b14121b857c4d0757fcdfee081ace92\",\"name\":\"Marek Koszur\",\"image\":{\"@type\":\"ImageObject\",\"inLanguage\":\"pl-PL\",\"@id\":\"https:\\\/\\\/secure.gravatar.com\\\/avatar\\\/4bbcfc769b33e2aa8a1808111d73a706de3d36f4ccb0d3ba1fe3c65785cdee72?s=96&d=mm&r=g\",\"url\":\"https:\\\/\\\/secure.gravatar.com\\\/avatar\\\/4bbcfc769b33e2aa8a1808111d73a706de3d36f4ccb0d3ba1fe3c65785cdee72?s=96&d=mm&r=g\",\"contentUrl\":\"https:\\\/\\\/secure.gravatar.com\\\/avatar\\\/4bbcfc769b33e2aa8a1808111d73a706de3d36f4ccb0d3ba1fe3c65785cdee72?s=96&d=mm&r=g\",\"caption\":\"Marek Koszur\"},\"sameAs\":[\"http:\\\/\\\/koszur.net\",\"https:\\\/\\\/pl.wikipedia.org\\\/wiki\\\/Marek_Koszur\"],\"url\":\"https:\\\/\\\/koszur.net\\\/index.php\\\/author\\\/marekk\\\/\"}]}<\/script>\n<!-- \/ Yoast SEO plugin. -->","yoast_head_json":{"title":"Sierpie\u0144 1980 - Kto, co, gdzie, kiedy, dlaczego - cz. 2 - Marek Koszur","description":"Sierpie\u0144 1980 - Kto, co, gdzie, kiedy, dlaczego - cz. 2 praca w redakcji informacji radia szczecin studio ba\u0142tyk","robots":{"index":"index","follow":"follow","max-snippet":"max-snippet:-1","max-image-preview":"max-image-preview:large","max-video-preview":"max-video-preview:-1"},"canonical":"https:\/\/koszur.net\/index.php\/2020\/08\/24\/sierpien-1980-kto-co-gdzie-kiedy-dlaczego-cz-2\/","og_locale":"pl_PL","og_type":"article","og_title":"Sierpie\u0144 1980 - Kto, co, gdzie, kiedy, dlaczego - cz. 2 - Marek Koszur","og_description":"Sierpie\u0144 1980 - Kto, co, gdzie, kiedy, dlaczego - cz. 2 praca w redakcji informacji radia szczecin studio ba\u0142tyk","og_url":"https:\/\/koszur.net\/index.php\/2020\/08\/24\/sierpien-1980-kto-co-gdzie-kiedy-dlaczego-cz-2\/","og_site_name":"Marek Koszur","article_published_time":"2020-08-24T18:27:37+00:00","article_modified_time":"2023-08-28T09:27:41+00:00","og_image":[{"width":1920,"height":1440,"url":"https:\/\/koszur.net\/wp-content\/uploads\/2020\/08\/strajk-sierpien-1980-B.jpg","type":"image\/jpeg"}],"author":"Marek Koszur","twitter_card":"summary_large_image","twitter_misc":{"Napisane przez":"Marek Koszur","Szacowany czas czytania":"12 minut"},"schema":{"@context":"https:\/\/schema.org","@graph":[{"@type":"Article","@id":"https:\/\/koszur.net\/index.php\/2020\/08\/24\/sierpien-1980-kto-co-gdzie-kiedy-dlaczego-cz-2\/#article","isPartOf":{"@id":"https:\/\/koszur.net\/index.php\/2020\/08\/24\/sierpien-1980-kto-co-gdzie-kiedy-dlaczego-cz-2\/"},"author":{"name":"Marek Koszur","@id":"https:\/\/koszur.net\/#\/schema\/person\/7b14121b857c4d0757fcdfee081ace92"},"headline":"Sierpie\u0144 1980 &#8211; Kto, co, gdzie, kiedy, dlaczego &#8211; cz. 2","datePublished":"2020-08-24T18:27:37+00:00","dateModified":"2023-08-28T09:27:41+00:00","mainEntityOfPage":{"@id":"https:\/\/koszur.net\/index.php\/2020\/08\/24\/sierpien-1980-kto-co-gdzie-kiedy-dlaczego-cz-2\/"},"wordCount":2363,"commentCount":0,"image":{"@id":"https:\/\/koszur.net\/index.php\/2020\/08\/24\/sierpien-1980-kto-co-gdzie-kiedy-dlaczego-cz-2\/#primaryimage"},"thumbnailUrl":"https:\/\/koszur.net\/wp-content\/uploads\/2020\/08\/strajk-sierpien-1980-B.jpg","keywords":["radio","sierpie\u0144 1980","Solidarno\u015b\u0107","stocznia","strajk"],"articleSection":["Datownik","Post","Sierpie\u0144 1980"],"inLanguage":"pl-PL","potentialAction":[{"@type":"CommentAction","name":"Comment","target":["https:\/\/koszur.net\/index.php\/2020\/08\/24\/sierpien-1980-kto-co-gdzie-kiedy-dlaczego-cz-2\/#respond"]}]},{"@type":"WebPage","@id":"https:\/\/koszur.net\/index.php\/2020\/08\/24\/sierpien-1980-kto-co-gdzie-kiedy-dlaczego-cz-2\/","url":"https:\/\/koszur.net\/index.php\/2020\/08\/24\/sierpien-1980-kto-co-gdzie-kiedy-dlaczego-cz-2\/","name":"Sierpie\u0144 1980 - Kto, co, gdzie, kiedy, dlaczego - cz. 2 - Marek Koszur","isPartOf":{"@id":"https:\/\/koszur.net\/#website"},"primaryImageOfPage":{"@id":"https:\/\/koszur.net\/index.php\/2020\/08\/24\/sierpien-1980-kto-co-gdzie-kiedy-dlaczego-cz-2\/#primaryimage"},"image":{"@id":"https:\/\/koszur.net\/index.php\/2020\/08\/24\/sierpien-1980-kto-co-gdzie-kiedy-dlaczego-cz-2\/#primaryimage"},"thumbnailUrl":"https:\/\/koszur.net\/wp-content\/uploads\/2020\/08\/strajk-sierpien-1980-B.jpg","datePublished":"2020-08-24T18:27:37+00:00","dateModified":"2023-08-28T09:27:41+00:00","author":{"@id":"https:\/\/koszur.net\/#\/schema\/person\/7b14121b857c4d0757fcdfee081ace92"},"description":"Sierpie\u0144 1980 - Kto, co, gdzie, kiedy, dlaczego - cz. 2 praca w redakcji informacji radia szczecin studio ba\u0142tyk","breadcrumb":{"@id":"https:\/\/koszur.net\/index.php\/2020\/08\/24\/sierpien-1980-kto-co-gdzie-kiedy-dlaczego-cz-2\/#breadcrumb"},"inLanguage":"pl-PL","potentialAction":[{"@type":"ReadAction","target":["https:\/\/koszur.net\/index.php\/2020\/08\/24\/sierpien-1980-kto-co-gdzie-kiedy-dlaczego-cz-2\/"]}]},{"@type":"ImageObject","inLanguage":"pl-PL","@id":"https:\/\/koszur.net\/index.php\/2020\/08\/24\/sierpien-1980-kto-co-gdzie-kiedy-dlaczego-cz-2\/#primaryimage","url":"https:\/\/koszur.net\/wp-content\/uploads\/2020\/08\/strajk-sierpien-1980-B.jpg","contentUrl":"https:\/\/koszur.net\/wp-content\/uploads\/2020\/08\/strajk-sierpien-1980-B.jpg","width":1920,"height":1440},{"@type":"BreadcrumbList","@id":"https:\/\/koszur.net\/index.php\/2020\/08\/24\/sierpien-1980-kto-co-gdzie-kiedy-dlaczego-cz-2\/#breadcrumb","itemListElement":[{"@type":"ListItem","position":1,"name":"Strona g\u0142\u00f3wna","item":"https:\/\/koszur.net\/"},{"@type":"ListItem","position":2,"name":"Sierpie\u0144 1980 &#8211; Kto, co, gdzie, kiedy, dlaczego &#8211; cz. 2"}]},{"@type":"WebSite","@id":"https:\/\/koszur.net\/#website","url":"https:\/\/koszur.net\/","name":"Marek Koszur","description":"","potentialAction":[{"@type":"SearchAction","target":{"@type":"EntryPoint","urlTemplate":"https:\/\/koszur.net\/?s={search_term_string}"},"query-input":{"@type":"PropertyValueSpecification","valueRequired":true,"valueName":"search_term_string"}}],"inLanguage":"pl-PL"},{"@type":"Person","@id":"https:\/\/koszur.net\/#\/schema\/person\/7b14121b857c4d0757fcdfee081ace92","name":"Marek Koszur","image":{"@type":"ImageObject","inLanguage":"pl-PL","@id":"https:\/\/secure.gravatar.com\/avatar\/4bbcfc769b33e2aa8a1808111d73a706de3d36f4ccb0d3ba1fe3c65785cdee72?s=96&d=mm&r=g","url":"https:\/\/secure.gravatar.com\/avatar\/4bbcfc769b33e2aa8a1808111d73a706de3d36f4ccb0d3ba1fe3c65785cdee72?s=96&d=mm&r=g","contentUrl":"https:\/\/secure.gravatar.com\/avatar\/4bbcfc769b33e2aa8a1808111d73a706de3d36f4ccb0d3ba1fe3c65785cdee72?s=96&d=mm&r=g","caption":"Marek Koszur"},"sameAs":["http:\/\/koszur.net","https:\/\/pl.wikipedia.org\/wiki\/Marek_Koszur"],"url":"https:\/\/koszur.net\/index.php\/author\/marekk\/"}]}},"_links":{"self":[{"href":"https:\/\/koszur.net\/index.php\/wp-json\/wp\/v2\/posts\/6625","targetHints":{"allow":["GET"]}}],"collection":[{"href":"https:\/\/koszur.net\/index.php\/wp-json\/wp\/v2\/posts"}],"about":[{"href":"https:\/\/koszur.net\/index.php\/wp-json\/wp\/v2\/types\/post"}],"author":[{"embeddable":true,"href":"https:\/\/koszur.net\/index.php\/wp-json\/wp\/v2\/users\/990004"}],"replies":[{"embeddable":true,"href":"https:\/\/koszur.net\/index.php\/wp-json\/wp\/v2\/comments?post=6625"}],"version-history":[{"count":21,"href":"https:\/\/koszur.net\/index.php\/wp-json\/wp\/v2\/posts\/6625\/revisions"}],"predecessor-version":[{"id":11968,"href":"https:\/\/koszur.net\/index.php\/wp-json\/wp\/v2\/posts\/6625\/revisions\/11968"}],"wp:featuredmedia":[{"embeddable":true,"href":"https:\/\/koszur.net\/index.php\/wp-json\/wp\/v2\/media\/6626"}],"wp:attachment":[{"href":"https:\/\/koszur.net\/index.php\/wp-json\/wp\/v2\/media?parent=6625"}],"wp:term":[{"taxonomy":"category","embeddable":true,"href":"https:\/\/koszur.net\/index.php\/wp-json\/wp\/v2\/categories?post=6625"},{"taxonomy":"post_tag","embeddable":true,"href":"https:\/\/koszur.net\/index.php\/wp-json\/wp\/v2\/tags?post=6625"}],"curies":[{"name":"wp","href":"https:\/\/api.w.org\/{rel}","templated":true}]}}