{"id":5472,"date":"2020-04-12T17:34:09","date_gmt":"2020-04-12T15:34:09","guid":{"rendered":"https:\/\/koszur.net\/?p=5472"},"modified":"2021-12-02T21:22:15","modified_gmt":"2021-12-02T20:22:15","slug":"rzecz-o-naszej-marskosci","status":"publish","type":"post","link":"https:\/\/koszur.net\/index.php\/2020\/04\/12\/rzecz-o-naszej-marskosci\/","title":{"rendered":"Rzecz o naszej mArsko\u015bci"},"content":{"rendered":"<p>&nbsp;<\/p>\n<p>&nbsp;<\/p>\n<p>RZECZ O NASZEJ MORSKO\u015aCI<\/p>\n<p>\/g\u0142os w dyskusji\/<\/p>\n<p>&nbsp;<\/p>\n<p>&#8222;Mi\u0142o\u015b\u0107 do morza, do kt\u00f3rej pewni ludzie i pewne narody przyznaj\u0105 si\u0119 z tak\u0105 gotowo\u015bci\u0105, jest uczuciem z\u0142o\u017conym; sk\u0142ada si\u0119 na ni\u0105 wiele dumy, sporo musu, a najlepsza i najistotniejsza jej cz\u0119\u015b\u0107 to przywi\u0105zanie do okr\u0119t\u00f3w, niestrudzonych s\u0142u\u017cebnik\u00f3w naszych nadziei i naszej godno\u015bci&#8221;.<\/p>\n<p><em>Conrad &#8222;Zwierciad\u0142o morza&#8221;<\/em><\/p>\n<p><em>\u00a0<\/em><\/p>\n<p>To chyba Cicero pierwszy zauwa\u017cy\u0142, \u017ce morze jest wielkim kreatorem, sprawc\u0105 najwspanialszych osi\u0105gni\u0119\u0107 cz\u0142owieka, \u017ce wp\u0142ywa ono na kultur\u0119 zamieszkuj\u0105cych oceaniczne brzegi lud\u00f3w, na ich tw\u00f3rczo\u015b\u0107 artystyczn\u0105 oraz przemy\u015blenia. Kilkana\u015bcie wiek\u00f3w p\u00f3\u017aniej wybitny Polak, profesor Franciszek Bujak dostrzeg\u0142 w morskim \u017cywiole oraz w jego &#8222;uprawie&#8221; wielkie szanse dla kraju.<\/p>\n<p>W rozprawie &#8222;O kulturach morskich i l\u0105dowych&#8221; rozwin\u0105\u0142 my\u015bl Cicerona, wskazuj\u0105c jednocze\u015bnie kierunki bada\u0144 kulturoznawczych.<\/p>\n<p>Patrz\u0105c na rozw\u00f3j poszczeg\u00f3lnych kultur i kr\u0119g\u00f3w cywilizacyjnych staro\u017cytno\u015bci. Bliskiego Wschodu i Antyku, lud\u00f3w zamieszkuj\u0105cych wyspy Pacyfiku i \u017ceglarzy p\u0142ywaj\u0105cych po gro\u017anych morzach P\u00f3\u0142nocy &#8211; widzimy, \u017ce we wszystkich przypadkach narody \u017ceglarskie w bardzo szybkim czasie rozprzestrzeni\u0142y si\u0119 na ogromne odleg\u0142o\u015bci. Pozwoli\u0142o to im na korzystanie z d\u00f3br materialnych i duchowych ca\u0142ego znanego w owym czasie \u015bwiata. Ludy morskie ros\u0142y w si\u0142\u0119, zapewniaj\u0105c dobrobyt \u017ceglarzom i kupcom, a tak\u017ce rolnikom, kt\u00f3rzy wype\u0142niali \u0142adownie statk\u00f3w atrakcyjnymi produktami. Jedyn\u0105 ujemn\u0105 konsekwencj\u0105, wynikaj\u0105c\u0105 z aktywnie prowadzonej przez minione pot\u0119gi morskie \u017ceglugi oraz uprawy morza by\u0142o to, \u017ce po &#8222;wiekach z\u0142otych&#8221; nagle przychodzi\u0142a kl\u0119ska. Dostatek oraz pe\u0142na sakwa myli\u0142y czujno\u015b\u0107, os\u0142abia\u0142y bogate portowe miasta. Jak uczy historia &#8211; wr\u00f3g przychodzi\u0142 najcz\u0119\u015bciej od strony morza, i przejmuj\u0105c thalassokracj\u0119, czyli morzow\u0142adztwo w swoje r\u0119ce, prze\u017cywa\u0142 podobny proces pot\u0119gi i upadku.<\/p>\n<p>Nie s\u0105dz\u0119 jednak, aby \u00f3w ostatni aspekt sprawy m\u00f3g\u0142 odegra\u0107 rol\u0119 we wsp\u00f3\u0142czesnym \u015bwiecie. Aktualny za\u015b pozostaje chyba nasz stosunek do klasycznej prawdy uniwersalnej, \u017ce| nar\u00f3d, jego kulturalne oraz cywilizacyjne oblicze tylko w\u00f3wczas maj\u0105 znaczenie, je\u015bli czynnik morski, jego obecno\u015b\u0107 w ka\u017cdej dziedzinie \u017cycia jest wystarczaj\u0105co silny, je\u015bli kszta\u0142tuje my\u015blenie, obrz\u0119dowo\u015b\u0107, obyczajowo\u015b\u0107, zwyczaje a tak\u017ce charakter i osobowo\u015b\u0107.<\/p>\n<p>&nbsp;<\/p>\n<p><strong>Miasta nadmorskie<\/strong><\/p>\n<p>Cicero w trakcie &#8222;O pa\u0144stwie&#8221; podkre\u015bla\u0142 niezwyczajne po\u0142o\u017cenie miast portowych sk\u0142aniaj\u0105ce do wyruszania na morskie szlaki.<\/p>\n<p>O mieszka\u0144cach tych miast powiada: &#8222;Kiedy nawet cia\u0142em przebywaj\u0105 w domu, to jednak duchem uciekaj\u0105 stamt\u0105d i w\u0142\u00f3cz\u0105 si\u0119 po \u015bwiecie&#8221;. Kiedy przyje\u017cd\u017ca do Szczecina obywatel z g\u0142\u0119bi l\u0105du, nie zawsze ma okazj\u0119, by chocia\u017c z okien poci\u0105gu ujrze\u0107 p\u0142yn\u0105ce kana\u0142ami portowymi statki; cho\u0107by kawa\u0142ek portowej perspektywy. Wychodz\u0105c z dworca &#8211; widzi Odr\u0119, po kt\u00f3rej od czasu do czasu przemknie kajak z pobliskiego klubu, barka albo pchacz. Droga za\u015b w stron\u0119 centrum oddala przybysza i od tych drobnych, a charakterystycznych dla portowego miasta element\u00f3w. S\u0142owem: tzw. funkcje gospodarki morskiej s\u0105 ma\u0142o czytelne w naszym uk\u0142adzie miejskim, zbyt s\u0142abo oddzia\u0142uj\u0105 na psychik\u0119 mieszka\u0144c\u00f3w Szczecina i go\u015bci. Port jest niemal ca\u0142kowicie wyizolowany od cz\u0119\u015bci miejskiej. Dzieje si\u0119 tak dlatego (a proces ten post\u0119puje), \u017ce uk\u0142ady komunikacyjne s\u0105 bardzo terenoch\u0142onne. Ponadto, coraz wi\u0119kszego znaczenia nabieraj\u0105 uk\u0142ady portowe zbli\u017cone bezpo\u015brednio do drogi morskiej, blisko niej le\u017c\u0105ce, a co za tym idzie &#8211; odbiegaj\u0105ce od miasta. Pozostaje wi\u0119c Szczecinianom i ich go\u015bciom odwiedzanie tych miejsc, z kt\u00f3rych mo\u017cna popatrze\u0107 na to, co dzieje si\u0119 w porcie. Jednym z takich punkt\u00f3w widokowych s\u0105 Wa\u0142y Chrobrego. Innym &#8211; trasa z D\u0105bia do Szczecina. S\u0105 to jednak &#8211; prawd\u0119 powiedziawszy &#8222;lufciki&#8221;, miejsca do podgl\u0105dania! Przeci\u0119tny mieszkaniec miasta nie ma zatem mo\u017cliwo\u015bci unaocznienia podawanych w prasie czy radiu informacji typu: &#8222;Dzi\u015b w porcie cumuje 55 statk\u00f3w. Minionej doby prze\u0142adowano przy nabrze\u017cach XXX tysi\u0119cy ton towar\u00f3w&#8221;. S\u0105 to dla niego puste s\u0142owa, nie maj\u0105ce punktu odniesienia rzeczywisto\u015bci. Ile to jest XXX tysi\u0119cy ton towar\u00f3w? \u00a0Komunikaty takie nie pozostawiaj\u0105 w \u015bwiadomo\u015bci odbiorc\u00f3w najmniejszego \u015bladu.<\/p>\n<p>Zbyt s\u0142abo staramy si\u0119 o kszta\u0142towanie emocjonalnego stosunku do poczyna\u0144 morskich zapominaj\u0105c, \u017ce post\u0119p nie jest wynikiem tylko racji ekonomicznych i przes\u0142anek racjonalnych. Czynnik emocjonalny ma tu ogromne znaczenie. Jest swego rodzaju stymulatorem.<\/p>\n<p>&nbsp;<\/p>\n<p><strong>Muzeum morskie.<\/strong><\/p>\n<p>Narody morskie z niebywa\u0142\u0105 pieczo\u0142owito\u015bci\u0105 dbaj\u0105 o pami\u0105tki i dowody ich wielowiekowej morskiej \u015bwietno\u015bci. Najbardziej okaza\u0142e gmachy miast portowych przeznacza si\u0119 na plac\u00f3wki muzealne.<\/p>\n<p>Czyni si\u0119 wiele stara\u0144, aby utrzymywa\u0107 okr\u0119ty i statki, kt\u00f3re w morskich dziejach danego pa\u0144stwa odegra\u0142y istotn\u0105 rol\u0119. Ile\u017c uczu\u0107 zwi\u0105zanych bywa z tymi niekiedy przegni\u0142ymi ju\u017c \u017caglowcami, statkami parowymi czy ich wyposa\u017ceniem. Ba! Na \u015bwiecie buduje si\u0119 wr\u0119cz kopie, wierne repliki s\u0142ynnych \u017caglowc\u00f3w.<\/p>\n<p>Dzia\u0142em Morskim Muzeum Narodowego w Szczecinie kieruje Tadeusz Kowalski:<\/p>\n<p>&#8211; Ju\u017c w momencie powstania tej plac\u00f3wki ustalono, \u017ce celem podstawowym b\u0119dzie badanie dzia\u0142alno\u015bci S\u0142owian na Pomorzu Zachodnim, w tym tak\u017ce ich dzia\u0142alno\u015bci morskiej. Ale obok si\u0119gania w dalek\u0105 przesz\u0142o\u015b\u0107 zajmujemy si\u0119 tak\u017ce ukazaniem naszych najnowszych osi\u0105gni\u0119\u0107 morskich. Mamy wystawy obrazuj\u0105ce histori\u0119 \u017ceglugi &#8211; m\u00f3wi Maciej Szuka\u0142a &#8211; o dziejach budownictwa okr\u0119towego, Polskiej \u017begludze Morskiej, Stoczni Szczeci\u0144skiej, rybo\u0142\u00f3wstwie dalekomorskim. Jest tak\u017ce ekspozycja na temat przyrody morza. Ponadto, nasz Dzia\u0142 Naukowo-O\u015bwiatowy zajmuje si\u0119 organizowaniem odczyt\u00f3w m.in. na tematy morskie.<\/p>\n<p>Moim rozm\u00f3wcom troch\u0119 niezr\u0119cznie jest wypowiedzie\u0107 si\u0119 o swojej pracy. Dzia\u0142 Morski Muzeum Narodowego w Szczecinie prowadz\u0105 dwie osoby! Trzecia, archeolog, pracuje od kilku zaledwie miesi\u0119cy. Musi zatem ta tr\u00f3jka zna\u0107 si\u0119 na wszystkich dziedzinach morskiej dzia\u0142alno\u015bci cz\u0142owieka &#8211; pocz\u0105wszy od maszyn i urz\u0105dze\u0144 portowych czy statkowego wyposa\u017cenia po problematyk\u0119 z zakresu fauny i flory morskiej. Na anga\u017cowanie specjalist\u00f3w z poszczeg\u00f3lnych dziedzin nie mo\u017cna sobie pozwoli\u0107. Powody znane, prozaiczne. Owa &#8222;omnibusowo\u015b\u0107&#8221; pracownik\u00f3w muzeum, rodzi pewn\u0105 powierzchowno\u015b\u0107. Zreszt\u0105 nikt tego nie ukrywa. \u0141ata si\u0119 wi\u0119c niezb\u0119dn\u0105 w muzealnictwie\u00a0kompetencj\u0119 zapa\u0142em i entuzjazmem.<\/p>\n<p>Dop\u00f3ki zatem nie zostan\u0105 rozwi\u0105zane kwestie administracyjne, dop\u00f3ty nie b\u0119dziemy mie\u0107, je\u015bli nie Muzeum, to przynajmniej Dzia\u0142u Morskiego, ale z prawdziwego zdarzenia. Kto\u015b zapyta: czy plac\u00f3wka taka jest nam potrzebna? A czy badania i ekspozycje na tematy: &#8222;Kultura Afryki Zachodniej&#8221;, &#8222;Indianie z And\u00f3w Peruwia\u0144skich&#8221; s\u0105 nam bardziej potrzebne od szukania w\u0142asnych \u015blad\u00f3w, je\u017celi nie w dawnej, to najnowszej historii?<\/p>\n<p>&#8211; W okresie letnim nasze sale wystawowe \u2013 m\u00f3wi kierownik Dzia\u0142u &#8211; wype\u0142nione s\u0105 po przys\u0142owiowe brzegi. Rocznie odwiedza nas 190-200 tysi\u0119cy os\u00f3b. I w\u0142a\u015bnie odwiedzaj\u0105cy nas widz\u0105 potrzeb\u0119 rozszerzenia repertuaru wystawienniczego. Rzeczywi\u015bcie, mamy np. luk\u0119 w ukazaniu dziej\u00f3w nadba\u0142tyckich mi\u0119dzy czasami najdawniejszymi a wsp\u00f3\u0142czesno\u015bci\u0105. Trzeba by\u0142oby tak\u017ce &#8211; co wynika z sonda\u017cu &#8211; ukaza\u0107 sum\u0119 dokona\u0144 cz\u0142owieka na morzu, wyj\u015b\u0107 poza ramy Morza Ba\u0142tyckiego. &#8222;Epoka wielkich odkry\u0107 geograficznych&#8221;, &#8222;\u015awiat Bia\u0142ych \u017bagli&#8221; &#8211; to tylko has\u0142a. Ze spraw wsp\u00f3\u0142czesnych powinni\u015bmy udokumentowa\u0107 dzieje np. ratownictwa okr\u0119towego, ca\u0142y kompleks prac hydrotechnicznych itp. Interesuj\u0105cych kierunk\u00f3w, kt\u00f3re dotychczas muzealnie nie by\u0142y penetrowane, jest wiele.<\/p>\n<p>Jak dojecha\u0107 na stadion Pogoni, kt\u00f3r\u0119dy na Motocross, tor kolarski &#8211; wiele drogowskaz\u00f3w i tablic pokazuje drog\u0119 do wymienionych miejsc. Nigdzie jednak nie zobaczymy informacji, wskaz\u00f3wki: &#8222;Do Muzeum, Dzia\u0142u Morskiego!&#8221;. Dzia\u0142 \u00f3w nie ma te\u017c plakatu. Rubryka w prasie codziennej informuj\u0105ca o wystawach nie wspomina nawet, \u017ce w takim wielkim portowym mie\u015bcie istnieje Muzeum Morskie &#8211; przepraszam: Dzia\u0142 Morski Muzeum Narodowego w Szczecinie.<\/p>\n<p>Nie wspomnia\u0142em tutaj o zbiorach malarstwa czy grafiki marynistycznej b\u0119d\u0105cych w posiadaniu Muzeum, Znajduje si\u0119 bowiem te zbiory przede wszystkim w magazynach.<\/p>\n<p>I jeszcze jedno. Z bada\u0144 socjologicznych prowadzonych przez Muzeum wynika, \u017ce tematyka morska funkcjonuje w \u015bwiadomo\u015bci Szczecinian jako zasada integracji i zasada odr\u0119bno\u015bci. Problematyk\u0119 t\u0119 muzeum winno eksponowa\u0107 przede wszystkim. W\u0142a\u015bciwie prowadzona propaganda i popularyzowanie spraw morskich poprzez dobre ekspozycje by\u0142oby &#8211; zdaniem ankietowanych &#8211; powodem do zadowolenia i satysfakcji z przynale\u017cno\u015bci do takiej, a nie innej grupy spo\u0142ecznej.<\/p>\n<p>&nbsp;<\/p>\n<p><strong>Morski O\u015brodek Kultury i Informacji.<\/strong><\/p>\n<p>Od wielu ju\u017c lat kieruje nim Zbigniew Turkiewicz.<\/p>\n<p>&#8211; Pracujemy &#8211; m\u00f3wi &#8211; przede wszystkim z my\u015bl\u0105 o za\u0142ogach. Natomiast to, co robimy dla i z my\u015bl\u0105 o mieszka\u0144cu miasta czy go\u015bciach, uszereguj\u0119 w nast\u0119puj\u0105cy ci\u0105g: przy O\u015brodku dzia\u0142aj\u0105 \u017ceglarskie dru\u017cyny zuchowe i harcerskie. Kluby \u017ceglarskie przeprowadzaj\u0105 tutaj swoje szkolenia; dzieci\u0119ce zespo\u0142y artystyczne, kt\u00f3re prowadzimy bazuj\u0105 na repertuarze morskim. \u015awiadczymy szereg us\u0142ug dla k\u00f3\u0142 rodzin marynarskich i rybackich. Z wi\u0119kszych imprez na pierwszym miejscu chcia\u0142bym wymieni\u0107 wystaw\u0119 amatorskiej tw\u00f3rczo\u015bci ludzi morza. O\u015brodek organizuje tak\u017ce Festiwal Film\u00f3w Morskich. Wsp\u00f3\u0142dzia\u0142amy z sekcj\u0105 fotografik\u00f3w &#8211; marynist\u00f3w. Umo\u017cliwiamy tym ludziom dotarcie do temat\u00f3w morskich. Wspieramy dzia\u0142alno\u015b\u0107 sekcji socjologii morskiej Polskiego Towarzystwa Socjologicznego. W imieniu sze\u015bciu polskich armator\u00f3w O\u015brodek jest fundatorem nagrody &#8222;Konik Morski&#8221; &#8211; nagrody dla plastyk\u00f3w popularyzuj\u0105cych tematyk\u0119 morsk\u0105. R\u00f3wnie\u017c w imieniu armator\u00f3w jeste\u015bmy fundatorami jednej z nagr\u00f3d na Szczeci\u0144skim Tygodniu Teatralnym. Podobn\u0105 nagrod\u0119, za popularyzowanie spraw i tematyki morskiej, mamy dla uczestnik\u00f3w Festiwalu Pie\u015bni Ch\u00f3ralnej w Mi\u0119dzyzdrojach. Wsp\u00f3\u0142pracujemy z literatami umo\u017cliwiaj\u0105c im wyp\u0142ywanie w rejsy. Od d\u0142u\u017cszego czasu jeste\u015bmy, je\u015bli nie wsp\u00f3\u0142organizatorami, to gospodarzami sesji Klubu Publicyst\u00f3w Morskich SDP.<\/p>\n<p>&nbsp;<\/p>\n<p><strong>Morskie wizyt\u00f3wki<\/strong><\/p>\n<p>Sp\u00f3jrzmy jeszcze przez moment na miasto, jego place, parki, ulice, skwery, trawniki. Czy spotkamy tam jakie\u015b akcenty potwierdzaj\u0105ce fakt, \u017ce znajdujemy si\u0119 w wielkim portowym mie\u015bcie? Czy wykorzystujemy \u015bciany dom\u00f3w na morskie reklamy? Po czym pozna\u0107 na drogach dojazdowych, \u017ce Szczecin jest miastem morskim? A nazewnictwo ulic? Nowych osiedli mieszkaniowych? Klub\u00f3w?<\/p>\n<p>Nad wej\u015bciem do Morskiego O\u015brodka Kultury \u015bwieci neon. Czy id\u0105c ulicami Szczecina mo\u017cna spotka\u0107 wi\u0119cej r\u00f3wnie wyra\u017anych &#8211; cho\u0107 w sumie i tak bardzo skromnych &#8211; przyk\u0142ad\u00f3w manifestowania swojej obecno\u015bci przez poszczeg\u00f3lne instytucje morskie? Poza z rzadka instalowanymi wielkimi planszami i tablicami, na kt\u00f3rych s\u0105 niemal wy\u0142\u0105cznie liczby i wska\u017aniki, nasi morscy potentaci kryj\u0105 swe imiona na male\u0144kich tablicach, dyskretnych neonach, kameralnych, wr\u0119cz nie\u015bmia\u0142ych szyldach. Czy kto\u015b zupe\u0142nie nie znaj\u0105cy si\u0119 na sprawach gospodarki morskiej, nie znaj\u0105cy rangi i wielko\u015bci takiego armatora jakim jest Polska \u017begluga Morska &#8211; staj\u0105c przed g\u0142\u00f3wnym gmachem dyrekcyjnym dozna majestatu tej instytucji?<\/p>\n<p>Wydawa\u0107 by si\u0119 te\u017c mog\u0142o, \u017ce na ulicach miast portowych winno si\u0119 co krok spotyka\u0107 ludzi w morskich mundurach. A tymczasem nawet studenci i uczniowie szk\u00f3\u0142 morskich ich unikaj\u0105.<\/p>\n<p>&nbsp;<\/p>\n<p><strong>Teatry miasta portowego<\/strong><\/p>\n<p>Wypada zacz\u0105\u0107 od &#8222;Pleciugi&#8221;, teatru dzia\u0142aj\u0105cego od 26 lat. W\u015br\u00f3d 110 wystawionych sztuk tylko jedn\u0105 (!) mo\u017cna zaliczy\u0107 do prawdziwie marynistycznych. Mowa o sztuce Frantiska Pilawa &#8222;Frantik, skarb i piraci&#8221;. Premiera tej sztuki odby\u0142a si\u0119 dok\u0142adnie 20 lat temu. W repertuarze teatru znajduje si\u0119 tak\u017ce rzecz o podmorskim \u015bwiecie S. Lema &#8222;Doradcy kr\u00f3la Hydropsa&#8221;. Premiera w 1965 roku.<\/p>\n<p>W Teatrze Muzycznym sytuacja wygl\u0105da podobnie. W 1965 roku wystawiono &#8222;Pann\u0119 Wodn\u0105&#8221; J. \u015awi\u0119tochowskiego.<\/p>\n<p>Pozosta\u0142e sceny: &#8222;Polski&#8221;, &#8222;Wsp\u00f3\u0142czesny&#8221;, prezentuj\u0105 si\u0119 w tej statystyce r\u00f3wnie skromnie. &#8222;Burza&#8221; Szekspira, &#8222;Marynarze z Cattaro&#8221;\u2026 Czy ogl\u0105dali\u015bmy na przestrzeni 35 lat\u00a0\u00a0\u00a0\u00a0\u00a0 sztuki o problemach ludzi morza?<\/p>\n<p>&nbsp;<\/p>\n<p><strong>Morski repertuar kinowy<\/strong><\/p>\n<p>Znajdziemy w nim imponuj\u0105cy wr\u0119cz zestaw tytu\u0142\u00f3w. Rzeczywi\u015bcie, sporo powsta\u0142o film\u00f3w na temat pracy ludzi morza, wojen morskich, problematyki \u017cycia miast portowych, film\u00f3w o piratach, dzielnych odkrywcach i \u017ceglarzach, o przygodzie morskiej i romantyce. Filmy znajduj\u0105ce si\u0119 w rozpowszechnianiu, s\u0105 wy\u015bwietlane na wszystkich ekranach w kraju. Poza Festiwalem Film\u00f3w Morskich tematyka ta wyst\u0119puje w miastach portowych w takim samym stopniu jak w Krakowie, Rzeszowie czy Bia\u0142ymstoku. Ale wymie\u0144my cho\u0107by kilka tytu\u0142\u00f3w: &#8222;Smuga cienia&#8221;, &#8222;Wraki&#8221;, &#8222;Orze\u0142&#8221;, &#8222;Za\u0142oga&#8221;, &#8222;Ca\u0142a naprz\u00f3d&#8221;, &#8222;Ostatni po bogu&#8221;. &#8222;Skarb kapitana Martensa&#8221; itd. Okr\u0119gowe Przedsi\u0119biorstwo Rozpowszechniania Film\u00f3w dysponuje tak\u017ce du\u017c\u0105 ilo\u015bci\u0105 morskich film\u00f3w dokumentalnych i o\u015bwiatowych. Ale kto je wy\u015bwietla?<\/p>\n<p>&nbsp;<\/p>\n<p><strong>Morskie programy radiowe i telewizyjne<\/strong><\/p>\n<p>Obok bie\u017c\u0105cych informacji tematyka morska wyst\u0119puje w radiu g\u0142\u00f3wnie w postaci reporta\u017cu. Mo\u017cna w tym miejscu przywo\u0142a\u0107 cykle audycji po\u015bwi\u0119conych rodzinom marynarskim i rybackim, stoczniowym, opowie\u015bci o s\u0142awnych \u017ceglarzach i wielkich rejsach, reporta\u017cy o rybakach ba\u0142tyckich czy seriale popularnonaukowe o kulturotw\u00f3rczej roli morza, dziejach lud\u00f3w morskich, dawnych \u017ceglarzach. Do powy\u017cszych zakres\u00f3w tematycznych nale\u017cy jeszcze przypisa\u0107 nazwiska autor\u00f3w: A. G\u0142owacka, W. Kaczmarek, Zb. Kosiorowski, M. Koszur.<\/p>\n<p>Skromniej przedstawia si\u0119 morska propozycja O\u015brodka Telewizyjnego w Szczecinie, Obok aktualnych informacji, udzia\u0142u w przygotowywanym wsp\u00f3lnie z Gda\u0144skiem &#8222;Programie morskim&#8221;, niecz\u0119sto zdarza si\u0119, \u017ce ogl\u0105damy w programie lokalnym i og\u00f3lnopolskim reporta\u017ce, filmy, programy o\u015bwiatowe czy rozrywkowe zainspirowane problematyk\u0105 morsk\u0105.<\/p>\n<p>&nbsp;<\/p>\n<p><strong>Temat morski w prasie<\/strong><\/p>\n<p>Bez w\u0105tpienia najwi\u0119kszy wp\u0142yw na kszta\u0142towanie morskiego spojrzenia i my\u015blenia-Szczecinian ma &#8222;G\u0142os Szczeci\u0144ski&#8221;, a w nieco mniejszym stopniu &#8222;Kurier Szczeci\u0144ski&#8221;. Systematycznie publikowane s\u0105 w &#8222;G\u0142osie&#8221; materia\u0142y po\u015bwi\u0119cone i gospodarce morskiej i humanistyce morskiej. Szkoda, \u017ce dodatek spo\u0142eczno &#8211; kulturalny &#8222;Spojrzenia&#8221; nie wykorzystuje wszystkich swoich mo\u017cliwo\u015bci w tym wzgl\u0119dzie.<\/p>\n<p>&nbsp;<\/p>\n<p><strong>Akcje i imprezy morskie<\/strong><\/p>\n<p>Na znakomity pomys\u0142 realizowania za\u0142o\u017ce\u0144 wychowania morskiego wpad\u0142a swego czasu Polska \u017begluga Ba\u0142tycka. Akcja pod nazw\u0105 &#8222;Szko\u0142a na morzu&#8221; umo\u017cliwi\u0142a setkom m\u0142odych ludzi z ca\u0142ego kraju, a g\u0142\u00f3wnie z wybrze\u017ca, zapoznanie si\u0119 z prac\u0105 prom\u00f3w pasa\u017cersko &#8211; samochodowych, ich za\u0142\u00f3g; m\u0142odzi mieli tak\u017ce okazj\u0119 odby\u0107 pe\u0142nomorski rejs do jednego z port\u00f3w Szwecji, Danii lub Finlandii, w kt\u00f3rym sp\u0119dzano jeden dzie\u0144. Ale bardzo szybko wyprawy na morze zmieni\u0142y si\u0119 w wyjazdy za morze! Opiekunowie i nauczyciele robi\u0142y wszystko, aby wys\u0142a\u0107 w t\u0119 podr\u00f3\u017c ca\u0142e klasy i pierwszoklasist\u00f3w! W sumie akcja wywo\u0142a\u0142a mn\u00f3stwo nieporozumie\u0144, sytuacji wr\u0119cz skandalicznych. Teraz wyjazdy obwarowano wieloma wymaganiami oraz warunkami i akcja praktycznie rzecz bior\u0105c wygas\u0142a.<\/p>\n<p>Dziecko wylano z k\u0105piel\u0105.<\/p>\n<p>Wi\u0119kszej aktywno\u015bci w zakresie przybli\u017cania spraw morza &#8222;szczurom l\u0105dowym&#8221; winni\u015bmy wymaga\u0107 od klub\u00f3w \u017ceglarskich. Organizowane swego czasu imprezy &#8222;Dzie\u0144 otwartej przystani&#8221; powinny sta\u0107 si\u0119 podstawow\u0105 form\u0105 dzia\u0142alno\u015bci popularyzatorsko-morskiej.<\/p>\n<p>&#8222;Dni Morza&#8221; &#8211; najwi\u0119ksza tradycyjna impreza morska. Rzecz\u0105 now\u0105 w tej sprawie jest fakt przeradzania si\u0119 &#8222;Dni Morza&#8221; w festyn ludowo-handlowo-dyskotekowy. Dziesi\u0105tki stoisk na Wa\u0142ach Chrobrego przypominaj\u0105 wielkie targowisko, na kt\u00f3rym mo\u017cna kupi\u0107, sprzeda\u0107 i potargowa\u0107. A to za ma\u0142o.<\/p>\n\n\t\t<style type=\"text\/css\">\n\t\t\t#gallery-1 {\n\t\t\t\tmargin: auto;\n\t\t\t}\n\t\t\t#gallery-1 .gallery-item {\n\t\t\t\tfloat: left;\n\t\t\t\tmargin-top: 10px;\n\t\t\t\ttext-align: center;\n\t\t\t\twidth: 50%;\n\t\t\t}\n\t\t\t#gallery-1 img {\n\t\t\t\tborder: 2px solid #cfcfcf;\n\t\t\t}\n\t\t\t#gallery-1 .gallery-caption {\n\t\t\t\tmargin-left: 0;\n\t\t\t}\n\t\t\t\/* see gallery_shortcode() in wp-includes\/media.php *\/\n\t\t<\/style>\n\t\t<div id='gallery-1' class='gallery galleryid-5472 gallery-columns-2 gallery-size-medium'><dl class='gallery-item'>\n\t\t\t<dt class='gallery-icon landscape'>\n\t\t\t\t<a href='https:\/\/koszur.net\/wp-content\/uploads\/2020\/04\/Szczecin_196_plac-zabaw.jpg'><img decoding=\"async\" width=\"300\" height=\"186\" src=\"https:\/\/koszur.net\/wp-content\/uploads\/2020\/04\/Szczecin_196_plac-zabaw-300x186.jpg\" class=\"attachment-medium size-medium\" alt=\"\" aria-describedby=\"gallery-1-5944\" srcset=\"https:\/\/koszur.net\/wp-content\/uploads\/2020\/04\/Szczecin_196_plac-zabaw-300x186.jpg 300w, https:\/\/koszur.net\/wp-content\/uploads\/2020\/04\/Szczecin_196_plac-zabaw-650x402.jpg 650w, https:\/\/koszur.net\/wp-content\/uploads\/2020\/04\/Szczecin_196_plac-zabaw-1024x633.jpg 1024w, https:\/\/koszur.net\/wp-content\/uploads\/2020\/04\/Szczecin_196_plac-zabaw-768x475.jpg 768w, https:\/\/koszur.net\/wp-content\/uploads\/2020\/04\/Szczecin_196_plac-zabaw.jpg 1240w\" sizes=\"(max-width: 300px) 100vw, 300px\" \/><\/a>\n\t\t\t<\/dt>\n\t\t\t\t<dd class='wp-caption-text gallery-caption' id='gallery-1-5944'>\n\t\t\t\tPlace zabaw z szalupami i \u0142odziami&#8230;\n\t\t\t\t<\/dd><\/dl><dl class='gallery-item'>\n\t\t\t<dt class='gallery-icon landscape'>\n\t\t\t\t<a href='https:\/\/koszur.net\/wp-content\/uploads\/2020\/04\/waly-chrobrego.jpg'><img decoding=\"async\" width=\"300\" height=\"199\" src=\"https:\/\/koszur.net\/wp-content\/uploads\/2020\/04\/waly-chrobrego-300x199.jpg\" class=\"attachment-medium size-medium\" alt=\"\" aria-describedby=\"gallery-1-5476\" srcset=\"https:\/\/koszur.net\/wp-content\/uploads\/2020\/04\/waly-chrobrego-300x199.jpg 300w, https:\/\/koszur.net\/wp-content\/uploads\/2020\/04\/waly-chrobrego-650x430.jpg 650w, https:\/\/koszur.net\/wp-content\/uploads\/2020\/04\/waly-chrobrego-1024x678.jpg 1024w, https:\/\/koszur.net\/wp-content\/uploads\/2020\/04\/waly-chrobrego-768x508.jpg 768w, https:\/\/koszur.net\/wp-content\/uploads\/2020\/04\/waly-chrobrego.jpg 1240w\" sizes=\"(max-width: 300px) 100vw, 300px\" \/><\/a>\n\t\t\t<\/dt>\n\t\t\t\t<dd class='wp-caption-text gallery-caption' id='gallery-1-5476'>\n\t\t\t\tW niedzielne s\u0142oneczne popo\u0142udnia &#8211; miejsce maj\u00f3wek\n\t\t\t\t<\/dd><\/dl><br style=\"clear: both\" \/>\n\t\t<\/div>\n\n<p>&nbsp;<\/p>\n<p><strong>Bez komentarza<\/strong><\/p>\n<p>Oczywi\u015bcie nie wyczerpali\u015bmy wszystkich temat\u00f3w, kt\u00f3re w dyskusji nad nasz\u0105 morsko\u015bci\u0105 winni\u015bmy uwzgl\u0119dni\u0107. Nie m\u00f3wili\u015bmy o ksi\u0105\u017cce morskiej i zainteresowaniu ni\u0105 czytelnik\u00f3w oraz literat\u00f3w. Pomin\u0119li\u015bmy repertuar Filharmonii, wystawy malarskie i fotograficzne prezentowane w salonach wystawienniczych naszego miasta.<\/p>\n<p>Nie m\u00f3wili\u015bmy o Klubie Kapitan\u00f3w \u017beglugi Wielkiej, Klubie \u017beglarzy Samotnik\u00f3w, Klubie Marek Chrzestnych statk\u00f3w P\u017bM i PLO i setce innych spraw, bowiem w przypadku jednych nie ma po prostu o czym m\u00f3wi\u0107, a innych &#8211; dzia\u0142ania popularyzatorsko-morskie s\u0105 zbyt rzadkie i ma\u0142o interesuj\u0105ce. Nie wspominam te\u017c o pomy\u015ble utworzenia instytucji, kt\u00f3ra nawi\u0105zuj\u0105c do tradycji Ligii Morskiej przybli\u017ca\u0142aby morze do l\u0105du i odwrotnie. Pomys\u0142 ten od kilku ju\u017c lat \u017cyje swoim \u017cyciem pomys\u0142u. Od przypadku do przypadku wspomina si\u0119 go, argumentuje i sprawa milknie. A kto wie, czy nie by\u0142oby rzecz\u0105 korzystn\u0105 stworzenie Morskiego O\u015brodka Kultury zajmuj\u0105cego si\u0119 upowszechnianiem spraw morskich na l\u0105dzie?<\/p>\n<p>To prawda, \u017ce jeste\u015bmy sporym pa\u0144stwem morskimi Nie ulega w\u0105tpliwo\u015bci, \u017ce b\u0119dziemy jeszcze bardziej rozwijali i rozbudowywali potencja\u0142 portowy, flot\u0119 i jej zaplecze. Ale w tym morzu stworzonym przez armator\u00f3w, ekonomist\u00f3w, ksi\u0119gowych, biznesman\u00f3w, in\u017cynier\u00f3w zabraknie duszy. Zasypani rachunkami, specyfikacjami, d\u017awigami, suwnicami, wagonami, kontenerami, oszcz\u0119dno\u015bciami i zyskami zapomnimy o tym, \u017ce najwi\u0119ksze narody \u017ceglarskie wi\u0105za\u0142y z morzem tak\u017ce wiele uczu\u0107. W legendach, podaniach, mitach i wizjach kosmogonicznych morze by\u0142o uto\u017csamiane z kobiet\u0105. S\u0142owo: morze jest rodzaju \u017ce\u0144skiego. By\u0142o morze \u017ar\u00f3d\u0142em wszelkiego \u017cycia. Cho\u0107 kapry\u015bne, zdradliwe i niepewne, darzy\u0142o cz\u0142owieka bogactwem, si\u0142\u0105 woli i charakterem, umo\u017cliwi\u0142o poznawanie \u015bwiata, wymian\u0119 d\u00f3br i idei. Czy dzisiaj co\u015b si\u0119 zmieni\u0142o? Czy zmieni\u0142o si\u0119 morze?<\/p>\n","protected":false},"excerpt":{"rendered":"<p>&nbsp; &nbsp; RZECZ O NASZEJ MORSKO\u015aCI \/g\u0142os w dyskusji\/ &nbsp; &#8222;Mi\u0142o\u015b\u0107 do morza, do kt\u00f3rej pewni ludzie i pewne narody przyznaj\u0105 si\u0119 z tak\u0105 gotowo\u015bci\u0105, jest uczuciem z\u0142o\u017conym; sk\u0142ada si\u0119 na ni\u0105 wiele dumy, sporo musu, a najlepsza i najistotniejsza jej cz\u0119\u015b\u0107 to przywi\u0105zanie do okr\u0119t\u00f3w, niestrudzonych s\u0142u\u017cebnik\u00f3w naszych nadziei i naszej godno\u015bci&#8221;. Conrad &#8222;Zwierciad\u0142o [&hellip;]<\/p>\n","protected":false},"author":990004,"featured_media":5942,"comment_status":"open","ping_status":"open","sticky":false,"template":"","format":"standard","meta":{"footnotes":""},"categories":[183,85],"tags":[231,232],"class_list":["post-5472","post","type-post","status-publish","format-standard","has-post-thumbnail","hentry","category-miasta-z-morza","category-post","tag-miasto-morskie","tag-morze-w-kulturze"],"yoast_head":"<!-- This site is optimized with the Yoast SEO plugin v27.4 - https:\/\/yoast.com\/product\/yoast-seo-wordpress\/ -->\n<title>Rzecz o naszej mArsko\u015bci - Marek Koszur utrata morskiej to\u017csamo\u015bci<\/title>\n<meta name=\"description\" content=\"Rzecz o naszej mArsko\u015bci brak umiej\u0119tno\u015bci w wykorzystywaniu atut\u00f3w miasta morskiego, lekcewa\u017cenie potencja\u0142u wynikaj\u0105cgo z uprawy morza\" \/>\n<meta name=\"robots\" content=\"index, follow, max-snippet:-1, max-image-preview:large, max-video-preview:-1\" \/>\n<link rel=\"canonical\" href=\"https:\/\/koszur.net\/index.php\/2020\/04\/12\/rzecz-o-naszej-marskosci\/\" \/>\n<meta property=\"og:locale\" content=\"pl_PL\" \/>\n<meta property=\"og:type\" content=\"article\" \/>\n<meta property=\"og:title\" content=\"Rzecz o naszej mArsko\u015bci - Marek Koszur utrata morskiej to\u017csamo\u015bci\" \/>\n<meta property=\"og:description\" content=\"Rzecz o naszej mArsko\u015bci brak umiej\u0119tno\u015bci w wykorzystywaniu atut\u00f3w miasta morskiego, lekcewa\u017cenie potencja\u0142u wynikaj\u0105cgo z uprawy morza\" \/>\n<meta property=\"og:url\" content=\"https:\/\/koszur.net\/index.php\/2020\/04\/12\/rzecz-o-naszej-marskosci\/\" \/>\n<meta property=\"og:site_name\" content=\"Marek Koszur\" \/>\n<meta property=\"article:published_time\" content=\"2020-04-12T15:34:09+00:00\" \/>\n<meta property=\"article:modified_time\" content=\"2021-12-02T20:22:15+00:00\" \/>\n<meta property=\"og:image\" content=\"https:\/\/koszur.net\/wp-content\/uploads\/2020\/04\/Szczecin_196_baszta-plaszczy.jpg\" \/>\n\t<meta property=\"og:image:width\" content=\"1240\" \/>\n\t<meta property=\"og:image:height\" content=\"767\" \/>\n\t<meta property=\"og:image:type\" content=\"image\/jpeg\" \/>\n<meta name=\"author\" content=\"Marek Koszur\" \/>\n<meta name=\"twitter:card\" content=\"summary_large_image\" \/>\n<meta name=\"twitter:label1\" content=\"Napisane przez\" \/>\n\t<meta name=\"twitter:data1\" content=\"Marek Koszur\" \/>\n\t<meta name=\"twitter:label2\" content=\"Szacowany czas czytania\" \/>\n\t<meta name=\"twitter:data2\" content=\"14 minut\" \/>\n<script type=\"application\/ld+json\" class=\"yoast-schema-graph\">{\"@context\":\"https:\\\/\\\/schema.org\",\"@graph\":[{\"@type\":\"Article\",\"@id\":\"https:\\\/\\\/koszur.net\\\/index.php\\\/2020\\\/04\\\/12\\\/rzecz-o-naszej-marskosci\\\/#article\",\"isPartOf\":{\"@id\":\"https:\\\/\\\/koszur.net\\\/index.php\\\/2020\\\/04\\\/12\\\/rzecz-o-naszej-marskosci\\\/\"},\"author\":{\"name\":\"Marek Koszur\",\"@id\":\"https:\\\/\\\/koszur.net\\\/#\\\/schema\\\/person\\\/7b14121b857c4d0757fcdfee081ace92\"},\"headline\":\"Rzecz o naszej mArsko\u015bci\",\"datePublished\":\"2020-04-12T15:34:09+00:00\",\"dateModified\":\"2021-12-02T20:22:15+00:00\",\"mainEntityOfPage\":{\"@id\":\"https:\\\/\\\/koszur.net\\\/index.php\\\/2020\\\/04\\\/12\\\/rzecz-o-naszej-marskosci\\\/\"},\"wordCount\":2904,\"commentCount\":0,\"image\":{\"@id\":\"https:\\\/\\\/koszur.net\\\/index.php\\\/2020\\\/04\\\/12\\\/rzecz-o-naszej-marskosci\\\/#primaryimage\"},\"thumbnailUrl\":\"https:\\\/\\\/koszur.net\\\/wp-content\\\/uploads\\\/2020\\\/04\\\/Szczecin_196_baszta-plaszczy.jpg\",\"keywords\":[\"miasto morskie\",\"morze w kulturze\"],\"articleSection\":[\"miasta z morza\",\"Post\"],\"inLanguage\":\"pl-PL\",\"potentialAction\":[{\"@type\":\"CommentAction\",\"name\":\"Comment\",\"target\":[\"https:\\\/\\\/koszur.net\\\/index.php\\\/2020\\\/04\\\/12\\\/rzecz-o-naszej-marskosci\\\/#respond\"]}]},{\"@type\":\"WebPage\",\"@id\":\"https:\\\/\\\/koszur.net\\\/index.php\\\/2020\\\/04\\\/12\\\/rzecz-o-naszej-marskosci\\\/\",\"url\":\"https:\\\/\\\/koszur.net\\\/index.php\\\/2020\\\/04\\\/12\\\/rzecz-o-naszej-marskosci\\\/\",\"name\":\"Rzecz o naszej mArsko\u015bci - Marek Koszur utrata morskiej to\u017csamo\u015bci\",\"isPartOf\":{\"@id\":\"https:\\\/\\\/koszur.net\\\/#website\"},\"primaryImageOfPage\":{\"@id\":\"https:\\\/\\\/koszur.net\\\/index.php\\\/2020\\\/04\\\/12\\\/rzecz-o-naszej-marskosci\\\/#primaryimage\"},\"image\":{\"@id\":\"https:\\\/\\\/koszur.net\\\/index.php\\\/2020\\\/04\\\/12\\\/rzecz-o-naszej-marskosci\\\/#primaryimage\"},\"thumbnailUrl\":\"https:\\\/\\\/koszur.net\\\/wp-content\\\/uploads\\\/2020\\\/04\\\/Szczecin_196_baszta-plaszczy.jpg\",\"datePublished\":\"2020-04-12T15:34:09+00:00\",\"dateModified\":\"2021-12-02T20:22:15+00:00\",\"author\":{\"@id\":\"https:\\\/\\\/koszur.net\\\/#\\\/schema\\\/person\\\/7b14121b857c4d0757fcdfee081ace92\"},\"description\":\"Rzecz o naszej mArsko\u015bci brak umiej\u0119tno\u015bci w wykorzystywaniu atut\u00f3w miasta morskiego, lekcewa\u017cenie potencja\u0142u wynikaj\u0105cgo z uprawy morza\",\"breadcrumb\":{\"@id\":\"https:\\\/\\\/koszur.net\\\/index.php\\\/2020\\\/04\\\/12\\\/rzecz-o-naszej-marskosci\\\/#breadcrumb\"},\"inLanguage\":\"pl-PL\",\"potentialAction\":[{\"@type\":\"ReadAction\",\"target\":[\"https:\\\/\\\/koszur.net\\\/index.php\\\/2020\\\/04\\\/12\\\/rzecz-o-naszej-marskosci\\\/\"]}]},{\"@type\":\"ImageObject\",\"inLanguage\":\"pl-PL\",\"@id\":\"https:\\\/\\\/koszur.net\\\/index.php\\\/2020\\\/04\\\/12\\\/rzecz-o-naszej-marskosci\\\/#primaryimage\",\"url\":\"https:\\\/\\\/koszur.net\\\/wp-content\\\/uploads\\\/2020\\\/04\\\/Szczecin_196_baszta-plaszczy.jpg\",\"contentUrl\":\"https:\\\/\\\/koszur.net\\\/wp-content\\\/uploads\\\/2020\\\/04\\\/Szczecin_196_baszta-plaszczy.jpg\",\"width\":1240,\"height\":767},{\"@type\":\"BreadcrumbList\",\"@id\":\"https:\\\/\\\/koszur.net\\\/index.php\\\/2020\\\/04\\\/12\\\/rzecz-o-naszej-marskosci\\\/#breadcrumb\",\"itemListElement\":[{\"@type\":\"ListItem\",\"position\":1,\"name\":\"Strona g\u0142\u00f3wna\",\"item\":\"https:\\\/\\\/koszur.net\\\/\"},{\"@type\":\"ListItem\",\"position\":2,\"name\":\"Rzecz o naszej mArsko\u015bci\"}]},{\"@type\":\"WebSite\",\"@id\":\"https:\\\/\\\/koszur.net\\\/#website\",\"url\":\"https:\\\/\\\/koszur.net\\\/\",\"name\":\"Marek Koszur\",\"description\":\"\",\"potentialAction\":[{\"@type\":\"SearchAction\",\"target\":{\"@type\":\"EntryPoint\",\"urlTemplate\":\"https:\\\/\\\/koszur.net\\\/?s={search_term_string}\"},\"query-input\":{\"@type\":\"PropertyValueSpecification\",\"valueRequired\":true,\"valueName\":\"search_term_string\"}}],\"inLanguage\":\"pl-PL\"},{\"@type\":\"Person\",\"@id\":\"https:\\\/\\\/koszur.net\\\/#\\\/schema\\\/person\\\/7b14121b857c4d0757fcdfee081ace92\",\"name\":\"Marek Koszur\",\"image\":{\"@type\":\"ImageObject\",\"inLanguage\":\"pl-PL\",\"@id\":\"https:\\\/\\\/secure.gravatar.com\\\/avatar\\\/4bbcfc769b33e2aa8a1808111d73a706de3d36f4ccb0d3ba1fe3c65785cdee72?s=96&d=mm&r=g\",\"url\":\"https:\\\/\\\/secure.gravatar.com\\\/avatar\\\/4bbcfc769b33e2aa8a1808111d73a706de3d36f4ccb0d3ba1fe3c65785cdee72?s=96&d=mm&r=g\",\"contentUrl\":\"https:\\\/\\\/secure.gravatar.com\\\/avatar\\\/4bbcfc769b33e2aa8a1808111d73a706de3d36f4ccb0d3ba1fe3c65785cdee72?s=96&d=mm&r=g\",\"caption\":\"Marek Koszur\"},\"sameAs\":[\"http:\\\/\\\/koszur.net\",\"https:\\\/\\\/pl.wikipedia.org\\\/wiki\\\/Marek_Koszur\"],\"url\":\"https:\\\/\\\/koszur.net\\\/index.php\\\/author\\\/marekk\\\/\"}]}<\/script>\n<!-- \/ Yoast SEO plugin. -->","yoast_head_json":{"title":"Rzecz o naszej mArsko\u015bci - Marek Koszur utrata morskiej to\u017csamo\u015bci","description":"Rzecz o naszej mArsko\u015bci brak umiej\u0119tno\u015bci w wykorzystywaniu atut\u00f3w miasta morskiego, lekcewa\u017cenie potencja\u0142u wynikaj\u0105cgo z uprawy morza","robots":{"index":"index","follow":"follow","max-snippet":"max-snippet:-1","max-image-preview":"max-image-preview:large","max-video-preview":"max-video-preview:-1"},"canonical":"https:\/\/koszur.net\/index.php\/2020\/04\/12\/rzecz-o-naszej-marskosci\/","og_locale":"pl_PL","og_type":"article","og_title":"Rzecz o naszej mArsko\u015bci - Marek Koszur utrata morskiej to\u017csamo\u015bci","og_description":"Rzecz o naszej mArsko\u015bci brak umiej\u0119tno\u015bci w wykorzystywaniu atut\u00f3w miasta morskiego, lekcewa\u017cenie potencja\u0142u wynikaj\u0105cgo z uprawy morza","og_url":"https:\/\/koszur.net\/index.php\/2020\/04\/12\/rzecz-o-naszej-marskosci\/","og_site_name":"Marek Koszur","article_published_time":"2020-04-12T15:34:09+00:00","article_modified_time":"2021-12-02T20:22:15+00:00","og_image":[{"width":1240,"height":767,"url":"https:\/\/koszur.net\/wp-content\/uploads\/2020\/04\/Szczecin_196_baszta-plaszczy.jpg","type":"image\/jpeg"}],"author":"Marek Koszur","twitter_card":"summary_large_image","twitter_misc":{"Napisane przez":"Marek Koszur","Szacowany czas czytania":"14 minut"},"schema":{"@context":"https:\/\/schema.org","@graph":[{"@type":"Article","@id":"https:\/\/koszur.net\/index.php\/2020\/04\/12\/rzecz-o-naszej-marskosci\/#article","isPartOf":{"@id":"https:\/\/koszur.net\/index.php\/2020\/04\/12\/rzecz-o-naszej-marskosci\/"},"author":{"name":"Marek Koszur","@id":"https:\/\/koszur.net\/#\/schema\/person\/7b14121b857c4d0757fcdfee081ace92"},"headline":"Rzecz o naszej mArsko\u015bci","datePublished":"2020-04-12T15:34:09+00:00","dateModified":"2021-12-02T20:22:15+00:00","mainEntityOfPage":{"@id":"https:\/\/koszur.net\/index.php\/2020\/04\/12\/rzecz-o-naszej-marskosci\/"},"wordCount":2904,"commentCount":0,"image":{"@id":"https:\/\/koszur.net\/index.php\/2020\/04\/12\/rzecz-o-naszej-marskosci\/#primaryimage"},"thumbnailUrl":"https:\/\/koszur.net\/wp-content\/uploads\/2020\/04\/Szczecin_196_baszta-plaszczy.jpg","keywords":["miasto morskie","morze w kulturze"],"articleSection":["miasta z morza","Post"],"inLanguage":"pl-PL","potentialAction":[{"@type":"CommentAction","name":"Comment","target":["https:\/\/koszur.net\/index.php\/2020\/04\/12\/rzecz-o-naszej-marskosci\/#respond"]}]},{"@type":"WebPage","@id":"https:\/\/koszur.net\/index.php\/2020\/04\/12\/rzecz-o-naszej-marskosci\/","url":"https:\/\/koszur.net\/index.php\/2020\/04\/12\/rzecz-o-naszej-marskosci\/","name":"Rzecz o naszej mArsko\u015bci - Marek Koszur utrata morskiej to\u017csamo\u015bci","isPartOf":{"@id":"https:\/\/koszur.net\/#website"},"primaryImageOfPage":{"@id":"https:\/\/koszur.net\/index.php\/2020\/04\/12\/rzecz-o-naszej-marskosci\/#primaryimage"},"image":{"@id":"https:\/\/koszur.net\/index.php\/2020\/04\/12\/rzecz-o-naszej-marskosci\/#primaryimage"},"thumbnailUrl":"https:\/\/koszur.net\/wp-content\/uploads\/2020\/04\/Szczecin_196_baszta-plaszczy.jpg","datePublished":"2020-04-12T15:34:09+00:00","dateModified":"2021-12-02T20:22:15+00:00","author":{"@id":"https:\/\/koszur.net\/#\/schema\/person\/7b14121b857c4d0757fcdfee081ace92"},"description":"Rzecz o naszej mArsko\u015bci brak umiej\u0119tno\u015bci w wykorzystywaniu atut\u00f3w miasta morskiego, lekcewa\u017cenie potencja\u0142u wynikaj\u0105cgo z uprawy morza","breadcrumb":{"@id":"https:\/\/koszur.net\/index.php\/2020\/04\/12\/rzecz-o-naszej-marskosci\/#breadcrumb"},"inLanguage":"pl-PL","potentialAction":[{"@type":"ReadAction","target":["https:\/\/koszur.net\/index.php\/2020\/04\/12\/rzecz-o-naszej-marskosci\/"]}]},{"@type":"ImageObject","inLanguage":"pl-PL","@id":"https:\/\/koszur.net\/index.php\/2020\/04\/12\/rzecz-o-naszej-marskosci\/#primaryimage","url":"https:\/\/koszur.net\/wp-content\/uploads\/2020\/04\/Szczecin_196_baszta-plaszczy.jpg","contentUrl":"https:\/\/koszur.net\/wp-content\/uploads\/2020\/04\/Szczecin_196_baszta-plaszczy.jpg","width":1240,"height":767},{"@type":"BreadcrumbList","@id":"https:\/\/koszur.net\/index.php\/2020\/04\/12\/rzecz-o-naszej-marskosci\/#breadcrumb","itemListElement":[{"@type":"ListItem","position":1,"name":"Strona g\u0142\u00f3wna","item":"https:\/\/koszur.net\/"},{"@type":"ListItem","position":2,"name":"Rzecz o naszej mArsko\u015bci"}]},{"@type":"WebSite","@id":"https:\/\/koszur.net\/#website","url":"https:\/\/koszur.net\/","name":"Marek Koszur","description":"","potentialAction":[{"@type":"SearchAction","target":{"@type":"EntryPoint","urlTemplate":"https:\/\/koszur.net\/?s={search_term_string}"},"query-input":{"@type":"PropertyValueSpecification","valueRequired":true,"valueName":"search_term_string"}}],"inLanguage":"pl-PL"},{"@type":"Person","@id":"https:\/\/koszur.net\/#\/schema\/person\/7b14121b857c4d0757fcdfee081ace92","name":"Marek Koszur","image":{"@type":"ImageObject","inLanguage":"pl-PL","@id":"https:\/\/secure.gravatar.com\/avatar\/4bbcfc769b33e2aa8a1808111d73a706de3d36f4ccb0d3ba1fe3c65785cdee72?s=96&d=mm&r=g","url":"https:\/\/secure.gravatar.com\/avatar\/4bbcfc769b33e2aa8a1808111d73a706de3d36f4ccb0d3ba1fe3c65785cdee72?s=96&d=mm&r=g","contentUrl":"https:\/\/secure.gravatar.com\/avatar\/4bbcfc769b33e2aa8a1808111d73a706de3d36f4ccb0d3ba1fe3c65785cdee72?s=96&d=mm&r=g","caption":"Marek Koszur"},"sameAs":["http:\/\/koszur.net","https:\/\/pl.wikipedia.org\/wiki\/Marek_Koszur"],"url":"https:\/\/koszur.net\/index.php\/author\/marekk\/"}]}},"_links":{"self":[{"href":"https:\/\/koszur.net\/index.php\/wp-json\/wp\/v2\/posts\/5472","targetHints":{"allow":["GET"]}}],"collection":[{"href":"https:\/\/koszur.net\/index.php\/wp-json\/wp\/v2\/posts"}],"about":[{"href":"https:\/\/koszur.net\/index.php\/wp-json\/wp\/v2\/types\/post"}],"author":[{"embeddable":true,"href":"https:\/\/koszur.net\/index.php\/wp-json\/wp\/v2\/users\/990004"}],"replies":[{"embeddable":true,"href":"https:\/\/koszur.net\/index.php\/wp-json\/wp\/v2\/comments?post=5472"}],"version-history":[{"count":3,"href":"https:\/\/koszur.net\/index.php\/wp-json\/wp\/v2\/posts\/5472\/revisions"}],"predecessor-version":[{"id":5945,"href":"https:\/\/koszur.net\/index.php\/wp-json\/wp\/v2\/posts\/5472\/revisions\/5945"}],"wp:featuredmedia":[{"embeddable":true,"href":"https:\/\/koszur.net\/index.php\/wp-json\/wp\/v2\/media\/5942"}],"wp:attachment":[{"href":"https:\/\/koszur.net\/index.php\/wp-json\/wp\/v2\/media?parent=5472"}],"wp:term":[{"taxonomy":"category","embeddable":true,"href":"https:\/\/koszur.net\/index.php\/wp-json\/wp\/v2\/categories?post=5472"},{"taxonomy":"post_tag","embeddable":true,"href":"https:\/\/koszur.net\/index.php\/wp-json\/wp\/v2\/tags?post=5472"}],"curies":[{"name":"wp","href":"https:\/\/api.w.org\/{rel}","templated":true}]}}