{"id":3149,"date":"2020-02-01T00:17:11","date_gmt":"2020-01-31T23:17:11","guid":{"rendered":"http:\/\/koszur.net\/?p=3149"},"modified":"2020-02-15T16:29:35","modified_gmt":"2020-02-15T15:29:35","slug":"zaslubiny-w-pucku-relacje","status":"publish","type":"post","link":"https:\/\/koszur.net\/index.php\/2020\/02\/01\/zaslubiny-w-pucku-relacje\/","title":{"rendered":"Za\u015blubiny w Pucku &#8211; relacje"},"content":{"rendered":"\n<p>A tych &#8211; jak\u017ce niewiele. A ka\u017cda w istotnych szczeg\u00f3\u0142ach &#8211; r\u00f3\u017cni si\u0119 od drugiej. Patos, patriotyczne uniesienia, frazeologia typowa dla m\u00f3w wiecowych i manifestacji.<\/p>\n\n\n\n<p>By\u0142 jeden czy dwa pier\u015bcienie. Z\u0142oty czy platynowe. Pier\u015bcie\u0144 zaton\u0105 czy upad\u0142 na kr\u0119. Spotkanie z Fa\u0142atem, kt\u00f3ry na p\u0142\u00f3tnie uwieczni\u0142 ten moment &#8211; mia\u0142o miejsce w Pucku, czy dnia nast\u0119pnego? Podpis na akcie za\u015blubin z\u0142o\u017cy\u0142 minister czy przedstawiciel marynarzy? Napis na s\u0142upie &#8211; na starych fotografiach wida\u0107 tre\u015b\u0107 odmienn\u0105 od znanej oficjalnie. <\/p>\n\n\n\n<p>Nie uda si\u0119 tych i innych kwestii jednoznacznie uporz\u0105dkowa\u0107. Ca\u0142o\u015b\u0107 odtworzy\u0107 mo\u017cemy z nak\u0142adania na siebie r\u00f3\u017cnych \u015bwiadectw uczestnik\u00f3w tamtych dni.<\/p>\n\n\n\n<p><\/p>\n\n\n\n<p>W ksi\u0119dze pami\u0105tkowej Tygodnia Bandery, w 1925 roku ukaza\u0142 si\u0119 artyku\u0142 Edwarda Ligockiego. <\/p>\n\n\n\n<figure class=\"wp-block-gallery columns-2 is-cropped wp-block-gallery-1 is-layout-flex wp-block-gallery-is-layout-flex\"><ul class=\"blocks-gallery-grid\"><li class=\"blocks-gallery-item\"><figure><img decoding=\"async\" width=\"612\" height=\"1024\" src=\"http:\/\/koszur.net\/wp-content\/uploads\/2020\/02\/Ligocki-Zaslubiny-A-612x1024.jpg\" alt=\"\" data-id=\"3150\" data-link=\"http:\/\/koszur.net\/?attachment_id=3150\" class=\"wp-image-3150\" srcset=\"https:\/\/koszur.net\/wp-content\/uploads\/2020\/02\/Ligocki-Zaslubiny-A-612x1024.jpg 612w, https:\/\/koszur.net\/wp-content\/uploads\/2020\/02\/Ligocki-Zaslubiny-A-650x1087.jpg 650w, https:\/\/koszur.net\/wp-content\/uploads\/2020\/02\/Ligocki-Zaslubiny-A-179x300.jpg 179w, https:\/\/koszur.net\/wp-content\/uploads\/2020\/02\/Ligocki-Zaslubiny-A-768x1284.jpg 768w, https:\/\/koszur.net\/wp-content\/uploads\/2020\/02\/Ligocki-Zaslubiny-A-918x1536.jpg 918w, https:\/\/koszur.net\/wp-content\/uploads\/2020\/02\/Ligocki-Zaslubiny-A.jpg 1148w\" sizes=\"(max-width: 612px) 100vw, 612px\" \/><\/figure><\/li><li class=\"blocks-gallery-item\"><figure><img decoding=\"async\" width=\"603\" height=\"1024\" src=\"http:\/\/koszur.net\/wp-content\/uploads\/2020\/02\/Ligocki-Zaslubiny-B-603x1024.jpg\" alt=\"\" data-id=\"3151\" data-full-url=\"http:\/\/koszur.net\/wp-content\/uploads\/2020\/02\/Ligocki-Zaslubiny-B.jpg\" data-link=\"http:\/\/koszur.net\/?attachment_id=3151\" class=\"wp-image-3151\" srcset=\"https:\/\/koszur.net\/wp-content\/uploads\/2020\/02\/Ligocki-Zaslubiny-B-603x1024.jpg 603w, https:\/\/koszur.net\/wp-content\/uploads\/2020\/02\/Ligocki-Zaslubiny-B-650x1103.jpg 650w, https:\/\/koszur.net\/wp-content\/uploads\/2020\/02\/Ligocki-Zaslubiny-B-177x300.jpg 177w, https:\/\/koszur.net\/wp-content\/uploads\/2020\/02\/Ligocki-Zaslubiny-B-768x1304.jpg 768w, https:\/\/koszur.net\/wp-content\/uploads\/2020\/02\/Ligocki-Zaslubiny-B-905x1536.jpg 905w, https:\/\/koszur.net\/wp-content\/uploads\/2020\/02\/Ligocki-Zaslubiny-B.jpg 1131w\" sizes=\"(max-width: 603px) 100vw, 603px\" \/><\/figure><\/li><\/ul><\/figure>\n","protected":false},"excerpt":{"rendered":"<p>A tych &#8211; jak\u017ce niewiele. A ka\u017cda w istotnych szczeg\u00f3\u0142ach &#8211; r\u00f3\u017cni si\u0119 od drugiej. Patos, patriotyczne uniesienia, frazeologia typowa dla m\u00f3w wiecowych i manifestacji. By\u0142 jeden czy dwa pier\u015bcienie. Z\u0142oty czy platynowe. Pier\u015bcie\u0144 zaton\u0105 czy upad\u0142 na kr\u0119. Spotkanie z Fa\u0142atem, kt\u00f3ry na p\u0142\u00f3tnie uwieczni\u0142 ten moment &#8211; mia\u0142o miejsce w Pucku, czy dnia [&hellip;]<\/p>\n","protected":false},"author":990004,"featured_media":3152,"comment_status":"open","ping_status":"open","sticky":false,"template":"","format":"standard","meta":{"footnotes":""},"categories":[85],"tags":[80],"class_list":["post-3149","post","type-post","status-publish","format-standard","has-post-thumbnail","hentry","category-post","tag-zaslubiny-z-morzem"],"yoast_head":"<!-- This site is optimized with the Yoast SEO plugin v27.4 - https:\/\/yoast.com\/product\/yoast-seo-wordpress\/ -->\n<title>Za\u015blubiny w Pucku - relacje - Marek Koszur<\/title>\n<meta name=\"robots\" content=\"index, follow, max-snippet:-1, max-image-preview:large, max-video-preview:-1\" \/>\n<link rel=\"canonical\" href=\"https:\/\/koszur.net\/index.php\/2020\/02\/01\/zaslubiny-w-pucku-relacje\/\" \/>\n<meta property=\"og:locale\" content=\"pl_PL\" \/>\n<meta property=\"og:type\" content=\"article\" \/>\n<meta property=\"og:title\" content=\"Za\u015blubiny w Pucku - relacje - Marek Koszur\" \/>\n<meta property=\"og:description\" content=\"A tych &#8211; jak\u017ce niewiele. A ka\u017cda w istotnych szczeg\u00f3\u0142ach &#8211; r\u00f3\u017cni si\u0119 od drugiej. Patos, patriotyczne uniesienia, frazeologia typowa dla m\u00f3w wiecowych i manifestacji. By\u0142 jeden czy dwa pier\u015bcienie. Z\u0142oty czy platynowe. Pier\u015bcie\u0144 zaton\u0105 czy upad\u0142 na kr\u0119. Spotkanie z Fa\u0142atem, kt\u00f3ry na p\u0142\u00f3tnie uwieczni\u0142 ten moment &#8211; mia\u0142o miejsce w Pucku, czy dnia [&hellip;]\" \/>\n<meta property=\"og:url\" content=\"https:\/\/koszur.net\/index.php\/2020\/02\/01\/zaslubiny-w-pucku-relacje\/\" \/>\n<meta property=\"og:site_name\" content=\"Marek Koszur\" \/>\n<meta property=\"article:published_time\" content=\"2020-01-31T23:17:11+00:00\" \/>\n<meta property=\"article:modified_time\" content=\"2020-02-15T15:29:35+00:00\" \/>\n<meta property=\"og:image\" content=\"https:\/\/koszur.net\/wp-content\/uploads\/2020\/02\/ksiega-pamiatkowa-tygodnia-bandery.jpg\" \/>\n\t<meta property=\"og:image:width\" content=\"1256\" \/>\n\t<meta property=\"og:image:height\" content=\"1150\" \/>\n\t<meta property=\"og:image:type\" content=\"image\/jpeg\" \/>\n<meta name=\"author\" content=\"Marek Koszur\" \/>\n<meta name=\"twitter:card\" content=\"summary_large_image\" \/>\n<meta name=\"twitter:label1\" content=\"Napisane przez\" \/>\n\t<meta name=\"twitter:data1\" content=\"Marek Koszur\" \/>\n\t<meta name=\"twitter:label2\" content=\"Szacowany czas czytania\" \/>\n\t<meta name=\"twitter:data2\" content=\"1 minuta\" \/>\n<script type=\"application\/ld+json\" class=\"yoast-schema-graph\">{\"@context\":\"https:\\\/\\\/schema.org\",\"@graph\":[{\"@type\":\"Article\",\"@id\":\"https:\\\/\\\/koszur.net\\\/index.php\\\/2020\\\/02\\\/01\\\/zaslubiny-w-pucku-relacje\\\/#article\",\"isPartOf\":{\"@id\":\"https:\\\/\\\/koszur.net\\\/index.php\\\/2020\\\/02\\\/01\\\/zaslubiny-w-pucku-relacje\\\/\"},\"author\":{\"name\":\"Marek Koszur\",\"@id\":\"https:\\\/\\\/koszur.net\\\/#\\\/schema\\\/person\\\/7b14121b857c4d0757fcdfee081ace92\"},\"headline\":\"Za\u015blubiny w Pucku &#8211; relacje\",\"datePublished\":\"2020-01-31T23:17:11+00:00\",\"dateModified\":\"2020-02-15T15:29:35+00:00\",\"mainEntityOfPage\":{\"@id\":\"https:\\\/\\\/koszur.net\\\/index.php\\\/2020\\\/02\\\/01\\\/zaslubiny-w-pucku-relacje\\\/\"},\"wordCount\":142,\"commentCount\":0,\"image\":{\"@id\":\"https:\\\/\\\/koszur.net\\\/index.php\\\/2020\\\/02\\\/01\\\/zaslubiny-w-pucku-relacje\\\/#primaryimage\"},\"thumbnailUrl\":\"https:\\\/\\\/koszur.net\\\/wp-content\\\/uploads\\\/2020\\\/02\\\/ksiega-pamiatkowa-tygodnia-bandery.jpg\",\"keywords\":[\"za\u015blubiny z morzem\"],\"articleSection\":[\"Post\"],\"inLanguage\":\"pl-PL\",\"potentialAction\":[{\"@type\":\"CommentAction\",\"name\":\"Comment\",\"target\":[\"https:\\\/\\\/koszur.net\\\/index.php\\\/2020\\\/02\\\/01\\\/zaslubiny-w-pucku-relacje\\\/#respond\"]}]},{\"@type\":\"WebPage\",\"@id\":\"https:\\\/\\\/koszur.net\\\/index.php\\\/2020\\\/02\\\/01\\\/zaslubiny-w-pucku-relacje\\\/\",\"url\":\"https:\\\/\\\/koszur.net\\\/index.php\\\/2020\\\/02\\\/01\\\/zaslubiny-w-pucku-relacje\\\/\",\"name\":\"Za\u015blubiny w Pucku - relacje - Marek Koszur\",\"isPartOf\":{\"@id\":\"https:\\\/\\\/koszur.net\\\/#website\"},\"primaryImageOfPage\":{\"@id\":\"https:\\\/\\\/koszur.net\\\/index.php\\\/2020\\\/02\\\/01\\\/zaslubiny-w-pucku-relacje\\\/#primaryimage\"},\"image\":{\"@id\":\"https:\\\/\\\/koszur.net\\\/index.php\\\/2020\\\/02\\\/01\\\/zaslubiny-w-pucku-relacje\\\/#primaryimage\"},\"thumbnailUrl\":\"https:\\\/\\\/koszur.net\\\/wp-content\\\/uploads\\\/2020\\\/02\\\/ksiega-pamiatkowa-tygodnia-bandery.jpg\",\"datePublished\":\"2020-01-31T23:17:11+00:00\",\"dateModified\":\"2020-02-15T15:29:35+00:00\",\"author\":{\"@id\":\"https:\\\/\\\/koszur.net\\\/#\\\/schema\\\/person\\\/7b14121b857c4d0757fcdfee081ace92\"},\"breadcrumb\":{\"@id\":\"https:\\\/\\\/koszur.net\\\/index.php\\\/2020\\\/02\\\/01\\\/zaslubiny-w-pucku-relacje\\\/#breadcrumb\"},\"inLanguage\":\"pl-PL\",\"potentialAction\":[{\"@type\":\"ReadAction\",\"target\":[\"https:\\\/\\\/koszur.net\\\/index.php\\\/2020\\\/02\\\/01\\\/zaslubiny-w-pucku-relacje\\\/\"]}]},{\"@type\":\"ImageObject\",\"inLanguage\":\"pl-PL\",\"@id\":\"https:\\\/\\\/koszur.net\\\/index.php\\\/2020\\\/02\\\/01\\\/zaslubiny-w-pucku-relacje\\\/#primaryimage\",\"url\":\"https:\\\/\\\/koszur.net\\\/wp-content\\\/uploads\\\/2020\\\/02\\\/ksiega-pamiatkowa-tygodnia-bandery.jpg\",\"contentUrl\":\"https:\\\/\\\/koszur.net\\\/wp-content\\\/uploads\\\/2020\\\/02\\\/ksiega-pamiatkowa-tygodnia-bandery.jpg\",\"width\":1256,\"height\":1150},{\"@type\":\"BreadcrumbList\",\"@id\":\"https:\\\/\\\/koszur.net\\\/index.php\\\/2020\\\/02\\\/01\\\/zaslubiny-w-pucku-relacje\\\/#breadcrumb\",\"itemListElement\":[{\"@type\":\"ListItem\",\"position\":1,\"name\":\"Strona g\u0142\u00f3wna\",\"item\":\"https:\\\/\\\/koszur.net\\\/\"},{\"@type\":\"ListItem\",\"position\":2,\"name\":\"Za\u015blubiny w Pucku &#8211; relacje\"}]},{\"@type\":\"WebSite\",\"@id\":\"https:\\\/\\\/koszur.net\\\/#website\",\"url\":\"https:\\\/\\\/koszur.net\\\/\",\"name\":\"Marek Koszur\",\"description\":\"\",\"potentialAction\":[{\"@type\":\"SearchAction\",\"target\":{\"@type\":\"EntryPoint\",\"urlTemplate\":\"https:\\\/\\\/koszur.net\\\/?s={search_term_string}\"},\"query-input\":{\"@type\":\"PropertyValueSpecification\",\"valueRequired\":true,\"valueName\":\"search_term_string\"}}],\"inLanguage\":\"pl-PL\"},{\"@type\":\"Person\",\"@id\":\"https:\\\/\\\/koszur.net\\\/#\\\/schema\\\/person\\\/7b14121b857c4d0757fcdfee081ace92\",\"name\":\"Marek Koszur\",\"image\":{\"@type\":\"ImageObject\",\"inLanguage\":\"pl-PL\",\"@id\":\"https:\\\/\\\/secure.gravatar.com\\\/avatar\\\/4bbcfc769b33e2aa8a1808111d73a706de3d36f4ccb0d3ba1fe3c65785cdee72?s=96&d=mm&r=g\",\"url\":\"https:\\\/\\\/secure.gravatar.com\\\/avatar\\\/4bbcfc769b33e2aa8a1808111d73a706de3d36f4ccb0d3ba1fe3c65785cdee72?s=96&d=mm&r=g\",\"contentUrl\":\"https:\\\/\\\/secure.gravatar.com\\\/avatar\\\/4bbcfc769b33e2aa8a1808111d73a706de3d36f4ccb0d3ba1fe3c65785cdee72?s=96&d=mm&r=g\",\"caption\":\"Marek Koszur\"},\"sameAs\":[\"http:\\\/\\\/koszur.net\",\"https:\\\/\\\/pl.wikipedia.org\\\/wiki\\\/Marek_Koszur\"],\"url\":\"https:\\\/\\\/koszur.net\\\/index.php\\\/author\\\/marekk\\\/\"}]}<\/script>\n<!-- \/ Yoast SEO plugin. -->","yoast_head_json":{"title":"Za\u015blubiny w Pucku - relacje - Marek Koszur","robots":{"index":"index","follow":"follow","max-snippet":"max-snippet:-1","max-image-preview":"max-image-preview:large","max-video-preview":"max-video-preview:-1"},"canonical":"https:\/\/koszur.net\/index.php\/2020\/02\/01\/zaslubiny-w-pucku-relacje\/","og_locale":"pl_PL","og_type":"article","og_title":"Za\u015blubiny w Pucku - relacje - Marek Koszur","og_description":"A tych &#8211; jak\u017ce niewiele. A ka\u017cda w istotnych szczeg\u00f3\u0142ach &#8211; r\u00f3\u017cni si\u0119 od drugiej. Patos, patriotyczne uniesienia, frazeologia typowa dla m\u00f3w wiecowych i manifestacji. By\u0142 jeden czy dwa pier\u015bcienie. Z\u0142oty czy platynowe. Pier\u015bcie\u0144 zaton\u0105 czy upad\u0142 na kr\u0119. Spotkanie z Fa\u0142atem, kt\u00f3ry na p\u0142\u00f3tnie uwieczni\u0142 ten moment &#8211; mia\u0142o miejsce w Pucku, czy dnia [&hellip;]","og_url":"https:\/\/koszur.net\/index.php\/2020\/02\/01\/zaslubiny-w-pucku-relacje\/","og_site_name":"Marek Koszur","article_published_time":"2020-01-31T23:17:11+00:00","article_modified_time":"2020-02-15T15:29:35+00:00","og_image":[{"width":1256,"height":1150,"url":"https:\/\/koszur.net\/wp-content\/uploads\/2020\/02\/ksiega-pamiatkowa-tygodnia-bandery.jpg","type":"image\/jpeg"}],"author":"Marek Koszur","twitter_card":"summary_large_image","twitter_misc":{"Napisane przez":"Marek Koszur","Szacowany czas czytania":"1 minuta"},"schema":{"@context":"https:\/\/schema.org","@graph":[{"@type":"Article","@id":"https:\/\/koszur.net\/index.php\/2020\/02\/01\/zaslubiny-w-pucku-relacje\/#article","isPartOf":{"@id":"https:\/\/koszur.net\/index.php\/2020\/02\/01\/zaslubiny-w-pucku-relacje\/"},"author":{"name":"Marek Koszur","@id":"https:\/\/koszur.net\/#\/schema\/person\/7b14121b857c4d0757fcdfee081ace92"},"headline":"Za\u015blubiny w Pucku &#8211; relacje","datePublished":"2020-01-31T23:17:11+00:00","dateModified":"2020-02-15T15:29:35+00:00","mainEntityOfPage":{"@id":"https:\/\/koszur.net\/index.php\/2020\/02\/01\/zaslubiny-w-pucku-relacje\/"},"wordCount":142,"commentCount":0,"image":{"@id":"https:\/\/koszur.net\/index.php\/2020\/02\/01\/zaslubiny-w-pucku-relacje\/#primaryimage"},"thumbnailUrl":"https:\/\/koszur.net\/wp-content\/uploads\/2020\/02\/ksiega-pamiatkowa-tygodnia-bandery.jpg","keywords":["za\u015blubiny z morzem"],"articleSection":["Post"],"inLanguage":"pl-PL","potentialAction":[{"@type":"CommentAction","name":"Comment","target":["https:\/\/koszur.net\/index.php\/2020\/02\/01\/zaslubiny-w-pucku-relacje\/#respond"]}]},{"@type":"WebPage","@id":"https:\/\/koszur.net\/index.php\/2020\/02\/01\/zaslubiny-w-pucku-relacje\/","url":"https:\/\/koszur.net\/index.php\/2020\/02\/01\/zaslubiny-w-pucku-relacje\/","name":"Za\u015blubiny w Pucku - relacje - Marek Koszur","isPartOf":{"@id":"https:\/\/koszur.net\/#website"},"primaryImageOfPage":{"@id":"https:\/\/koszur.net\/index.php\/2020\/02\/01\/zaslubiny-w-pucku-relacje\/#primaryimage"},"image":{"@id":"https:\/\/koszur.net\/index.php\/2020\/02\/01\/zaslubiny-w-pucku-relacje\/#primaryimage"},"thumbnailUrl":"https:\/\/koszur.net\/wp-content\/uploads\/2020\/02\/ksiega-pamiatkowa-tygodnia-bandery.jpg","datePublished":"2020-01-31T23:17:11+00:00","dateModified":"2020-02-15T15:29:35+00:00","author":{"@id":"https:\/\/koszur.net\/#\/schema\/person\/7b14121b857c4d0757fcdfee081ace92"},"breadcrumb":{"@id":"https:\/\/koszur.net\/index.php\/2020\/02\/01\/zaslubiny-w-pucku-relacje\/#breadcrumb"},"inLanguage":"pl-PL","potentialAction":[{"@type":"ReadAction","target":["https:\/\/koszur.net\/index.php\/2020\/02\/01\/zaslubiny-w-pucku-relacje\/"]}]},{"@type":"ImageObject","inLanguage":"pl-PL","@id":"https:\/\/koszur.net\/index.php\/2020\/02\/01\/zaslubiny-w-pucku-relacje\/#primaryimage","url":"https:\/\/koszur.net\/wp-content\/uploads\/2020\/02\/ksiega-pamiatkowa-tygodnia-bandery.jpg","contentUrl":"https:\/\/koszur.net\/wp-content\/uploads\/2020\/02\/ksiega-pamiatkowa-tygodnia-bandery.jpg","width":1256,"height":1150},{"@type":"BreadcrumbList","@id":"https:\/\/koszur.net\/index.php\/2020\/02\/01\/zaslubiny-w-pucku-relacje\/#breadcrumb","itemListElement":[{"@type":"ListItem","position":1,"name":"Strona g\u0142\u00f3wna","item":"https:\/\/koszur.net\/"},{"@type":"ListItem","position":2,"name":"Za\u015blubiny w Pucku &#8211; relacje"}]},{"@type":"WebSite","@id":"https:\/\/koszur.net\/#website","url":"https:\/\/koszur.net\/","name":"Marek Koszur","description":"","potentialAction":[{"@type":"SearchAction","target":{"@type":"EntryPoint","urlTemplate":"https:\/\/koszur.net\/?s={search_term_string}"},"query-input":{"@type":"PropertyValueSpecification","valueRequired":true,"valueName":"search_term_string"}}],"inLanguage":"pl-PL"},{"@type":"Person","@id":"https:\/\/koszur.net\/#\/schema\/person\/7b14121b857c4d0757fcdfee081ace92","name":"Marek Koszur","image":{"@type":"ImageObject","inLanguage":"pl-PL","@id":"https:\/\/secure.gravatar.com\/avatar\/4bbcfc769b33e2aa8a1808111d73a706de3d36f4ccb0d3ba1fe3c65785cdee72?s=96&d=mm&r=g","url":"https:\/\/secure.gravatar.com\/avatar\/4bbcfc769b33e2aa8a1808111d73a706de3d36f4ccb0d3ba1fe3c65785cdee72?s=96&d=mm&r=g","contentUrl":"https:\/\/secure.gravatar.com\/avatar\/4bbcfc769b33e2aa8a1808111d73a706de3d36f4ccb0d3ba1fe3c65785cdee72?s=96&d=mm&r=g","caption":"Marek Koszur"},"sameAs":["http:\/\/koszur.net","https:\/\/pl.wikipedia.org\/wiki\/Marek_Koszur"],"url":"https:\/\/koszur.net\/index.php\/author\/marekk\/"}]}},"_links":{"self":[{"href":"https:\/\/koszur.net\/index.php\/wp-json\/wp\/v2\/posts\/3149","targetHints":{"allow":["GET"]}}],"collection":[{"href":"https:\/\/koszur.net\/index.php\/wp-json\/wp\/v2\/posts"}],"about":[{"href":"https:\/\/koszur.net\/index.php\/wp-json\/wp\/v2\/types\/post"}],"author":[{"embeddable":true,"href":"https:\/\/koszur.net\/index.php\/wp-json\/wp\/v2\/users\/990004"}],"replies":[{"embeddable":true,"href":"https:\/\/koszur.net\/index.php\/wp-json\/wp\/v2\/comments?post=3149"}],"version-history":[{"count":1,"href":"https:\/\/koszur.net\/index.php\/wp-json\/wp\/v2\/posts\/3149\/revisions"}],"predecessor-version":[{"id":3153,"href":"https:\/\/koszur.net\/index.php\/wp-json\/wp\/v2\/posts\/3149\/revisions\/3153"}],"wp:featuredmedia":[{"embeddable":true,"href":"https:\/\/koszur.net\/index.php\/wp-json\/wp\/v2\/media\/3152"}],"wp:attachment":[{"href":"https:\/\/koszur.net\/index.php\/wp-json\/wp\/v2\/media?parent=3149"}],"wp:term":[{"taxonomy":"category","embeddable":true,"href":"https:\/\/koszur.net\/index.php\/wp-json\/wp\/v2\/categories?post=3149"},{"taxonomy":"post_tag","embeddable":true,"href":"https:\/\/koszur.net\/index.php\/wp-json\/wp\/v2\/tags?post=3149"}],"curies":[{"name":"wp","href":"https:\/\/api.w.org\/{rel}","templated":true}]}}