{"id":3055,"date":"2020-01-08T19:05:46","date_gmt":"2020-01-08T18:05:46","guid":{"rendered":"http:\/\/koszur.net\/?p=3055"},"modified":"2020-02-15T17:36:34","modified_gmt":"2020-02-15T16:36:34","slug":"u-nas-w-szczecinie-ku-ujsciu-odry","status":"publish","type":"post","link":"https:\/\/koszur.net\/index.php\/2020\/01\/08\/u-nas-w-szczecinie-ku-ujsciu-odry\/","title":{"rendered":"Tymoteusz Karpowicz &#8211; U nas w Szczecinie &#8211; Ku uj\u015bciu Odry"},"content":{"rendered":"\n<p>w opr. Tymoteusza Karpowicza.  Niedziela dn. 18.8.46 r.<\/p>\n\n\n\n<p>&nbsp;&nbsp;&nbsp;&nbsp;&nbsp;&nbsp;&nbsp;&nbsp;&nbsp;&nbsp;&nbsp;&nbsp;&nbsp;&nbsp;&nbsp;&nbsp;&nbsp;&nbsp;&nbsp;&nbsp;&nbsp;&nbsp;&nbsp;&nbsp;&nbsp;&nbsp;&nbsp;&nbsp;&nbsp;&nbsp;&nbsp;&nbsp;&nbsp;&nbsp;&nbsp;&nbsp;&nbsp;&nbsp;&nbsp;&nbsp;&nbsp; <\/p>\n\n\n\n<p>Niedziela. Deszcz. Jednak zgodnie z rozplakatowanym\nog\u0142oszeniem, od p\u0142ywamy z Wa\u0142\u00f3w Chrobrego o godzinie 10 rano, a mamy powr\u00f3ci\u0107 o\n7 wieczorem. 9 godzin w\u0142\u00f3cz\u0119gi! Na statek wpadam jak zwykle w ostatniej chwili.\n<\/p>\n\n\n\n<p>&#8211; Ostro\u017cnie \u2013 ostrzega mnie kto\u015b z obs\u0142ugi \u2013 nie utop si\u0119\nPan.<\/p>\n\n\n\n<p>&#8211; Nie ma obawy. Zbyt ceni\u0119 \u017cycie. Prosz\u0119 jednak \u0142askawie powiedzie\u0107,\ngdzie tu mo\u017cna usi\u0105\u015b\u0107, ewentualnie znale\u017a\u0107 jak\u0105\u015b inn\u0105, dogodniejsz\u0105 pozycj\u0119 ni\u017c\nstanie na dr\u017c\u0105cych od zm\u0119czenia nogach? <\/p>\n\n\n\n<p>&#8211; No niech pan jako\u015b przysi\u0105dzie si\u0119 kantem!<\/p>\n\n\n\n<p>&#8211; Kantem\u2026<\/p>\n\n\n\n<p>&#8211; Co do wszystkich diab\u0142\u00f3w! Taki wielki ch\u0142op i nie rozumie &#8211;\noburza si\u0119 czternastoletni marynarz &#8211; Przysi\u0105d\u017a si\u0119 Pan kontem ju\u017c! &#8211; dorzuca\nzdenerwowany. <\/p>\n\n\n\n<p>Posuwam si\u0119 naprz\u00f3d po\u015br\u00f3d zakapturzonych pasa\u017cer\u00f3w w\nposzukiwaniu \u201ekantu\u201d. Oho! Jest! W \u00f3w \u201ekant\u201d wtapia chciwie swe oczy z par\u0119\ndziesi\u0105tk\u00f3w ludzi zm\u0119czonych tak jak ja. Jest to r\u00f3g prowizorycznej \u0142awy nie\nwiadomo z jakiego powodu g\u0142\u0119boko wydr\u0105\u017cony, a zag\u0142\u0119bienie wype\u0142niony jest wod\u0105.\n<\/p>\n\n\n\n<p>\u201eNiech sobie! &#8211; my\u015bl\u0119 &#8211; wyschn\u0119! \u2013 I siadam z min\u0105 oboj\u0119tn\u0105.\n<\/p>\n\n\n\n<p>Syrena. Prawe ko\u0142o nap\u0119dowe rozpoczyna miarow\u0105 prac\u0119 i\nstatek wolno opuszcza molo. &nbsp;Jaka\u015b\nsp\u00f3\u017aniona grupka przybiega tu\u017c, tu\u017c przed zdj\u0119ciem pomostu. <\/p>\n\n\n\n<p>&#8211; Panie \u0142askawy \u2013 wo\u0142a starsza kobieta \u2013 zawr\u00f3\u0107 Pan jeszcze!\n<\/p>\n\n\n\n<p>Obok mnie umieszcza si\u0119 rozgor\u0105czkowany lornetkuj\u0105cy pan, a\ndos\u0142ownie nade mn\u0105, uczepiony jakiego\u015b pr\u0119ta, fotograf \u2013 amator o zaaferowanym\nwyrazie twarzy. Panowie ci czyni\u0105 niekiedy tak fachowe uwagi, \u017ce wszyscy\nwybuchaj\u0105 \u015bmiechem. Podr\u00f3\u017c staje si\u0119 interesuj\u0105ca. <\/p>\n\n\n\n<p>\u2013 Widz\u0119, widz\u0119 \u2013 wo\u0142a w tej chwili lornetkuj\u0105cy jegomo\u015b\u0107 \u2013\nczyj tam zn\u00f3w kapelusz zas\u0142ania!<\/p>\n\n\n\n<p>&#8211; Co Pan widzi!<\/p>\n\n\n\n<p>&#8211; Chwileczk\u0119\u2026 Zaraz to bli\u017cej okre\u015bl\u0119.<\/p>\n\n\n\n<p>&#8211; Ale\u017c prosz\u0119 pana, pan w tej chwili patrzy na magazyn\nznajduj\u0105cy si\u0119 100 m przed nami. Nie widz\u0119 wcale potrzeby by\u015b Pan wydawa\u0142\nnieuzasadnione okrzyki \u2013 oburza si\u0119 kto\u015b z podr\u00f3\u017cnych.<\/p>\n\n\n\n<p>&#8211; Panie fotografie! Pan mi ci\u0105gle jedn\u0105 nog\u0119 stawia na\ng\u0142ow\u0119!<\/p>\n\n\n\n<p>&#8211; Bardzo przepraszam. Lecz to z braku jakiegokolwiek\noparcia.<\/p>\n\n\n\n<p>W tej chwili mijamy p\u0142ywaj\u0105ce dok. W\u015br\u00f3d dw\u00f3ch pot\u0119\u017cnych,\n\u017celaznych \u015bcian \u2013 okr\u0119t pasa\u017cerski \u201eKaliningrad\u201d. Nieco dalej zrujnowane\nstocznie.<\/p>\n\n\n\n<p>&#8211; Zaraz ma by\u0107 lotniskowiec \u2013 pada podniecaj\u0105ca wiadomo\u015b\u0107.\nWszyscy unosz\u0105 si\u0119 z miejsca, penetruj\u0105c wzrokiem najbli\u017cszy kszta\u0142ty. <\/p>\n\n\n\n<p>&#8211; Nie tutaj! Troch\u0119 dalej \u2013 krzycz\u0105 od rufy.<\/p>\n\n\n\n<p>Tymczasem jest Gol\u0119cin. Pot\u0119\u017cne wzg\u00f3rze zasiane domkami o\nczerwonych dachach, uj\u0119te jest w obramowanie zwartej zieleni. Tylko ponad t\u0105\nzieleni\u0105 wystrzela swobodnie, jasna wie\u017ca tutejszego ko\u015bcio\u0142a. Mijamy drugi\np\u0142ywaj\u0105cy dok. Na brzegu \u2013 olbrzymie prowizoryczne zagrody.<\/p>\n\n\n\n<p>&#8211; Co to? Kacet-lager? \u2013 kto\u015b pyta.<\/p>\n\n\n\n<p>&#8211; Nie! Tu b\u0119d\u0105 sta\u0142y konie i kurczaki<\/p>\n\n\n\n<p>&#8211; Konie to tak! Ale kurczaki? Zwiej\u0105! B\u00f3j si\u0119 pan Boga \u2013\ntakie dziury!<\/p>\n\n\n\n<p>&#8211; Gdzie jest lotniskowiec? Panowie, gdzie jest lotniskowiec?\n\u2013 niecierpliwi\u0105 si\u0119 pasa\u017cerowie.<\/p>\n\n\n\n<p>&#8211; Widz\u0119! Widz\u0119! &#8211; wo\u0142a posiadacz lornetki<\/p>\n\n\n\n<p>&#8211; Thalatta! Thalatta! \u2013 przedrze\u017ania kto\u015b z boku.<\/p>\n\n\n\n<p>&#8211; Nic Pan nie widzisz \u2013 m\u00f3wi jaki\u015b sceptyk. \u2013 M\u00f3j kapelusz\nzas\u0142ania akurat pa\u0144skie szk\u0142a.<\/p>\n\n\n\n<p>Wychodzi zza chmur s\u0142o\u0144ce. Woda wype\u0142nia si\u0119 opalizuj\u0105cych\nblaskiem. Okrzyki rado\u015bci tryskaj\u0105 nad pok\u0142adem. R\u00f3wnocze\u015bnie uwag\u0119 wszystkich przykuwa\nkulista budowla, wygl\u0105daj\u0105ca jak ko\u0142pak bojarski na zielonej g\u0142owie wzg\u00f3rza.<\/p>\n\n\n\n<p>&#8211; I prosz\u0119\u2026 Jeszcze stoi \u2013 rzuca kto\u015b z niezadowoleniem.<\/p>\n\n\n\n<p>&#8211; Panie szanowny! Co stoi? \u2013 pytaj\u0105 wszyscy pasa\u017cerowie.<\/p>\n\n\n\n<p>&#8211; Psia krew! &#8211; dorzuca ten kto\u015b jeszcze jedno s\u0142owo jak \u0142uczywo\ndo ognia.<\/p>\n\n\n\n<p>&#8211; Panie drogi, powiedz\u017ce pan na lito\u015b\u0107\u2026 Co to stoi \u2013 b\u0142agaj\u0105\ngo dalej.<\/p>\n\n\n\n<p>&#8211; No co! Zamek Bismarcka!<\/p>\n\n\n\n<p>Podnosz\u0105 si\u0119 g\u0142osy protestu. Jak mo\u017ce co\u015b podobnego istnie\u0107.\nBismarck \u2013 polako\u017cerca! Zapanowa\u0142o powszechne \u2013 \u015bwi\u0119te oburzenie. W tej chwili\nmija nas \u0142\u00f3d\u017a \u017caglowa \u2013 istna d\u017conka chi\u0144ska. Wielobarwne p\u0142\u00f3tno rozd\u0119te\nwiatrem, ta\u0144czy na utworzonych przez nasz statek, falach, jak jaskrawe skrzyd\u0142o\nmotyla. Mijamy Sto\u0142czyn. Oto odbudowuj\u0105ca si\u0119 fabryka cementu. Jest zapylona i szara.\nPoza ni\u0105 ci\u0105gn\u0105 si\u0119 olbrzymie wytw\u00f3rnie nawoz\u00f3w sztucznych, w znacznym stopniu\nzniszczone. Nad brzegiem pi\u0119trz\u0105 si\u0119 ha\u0142dy brunatnego surowca i gotowych nawoz\u00f3w.\nNaprzeciw, w Odrze \u2013 wrak \u017celaznej barki ze straszliwie rozdartym kilem. Tu\nOdra po raz drugi \u0142\u0105czy si\u0119 z Jeziorem D\u0105bskim. Od tego miejsca pustoszej\u0105\nbrzegi. Bior\u0105 go w posiadanie wszechobecne chaszcze trzcin. S\u0142o\u0144ce\nniemi\u0142osiernie grzeje nam grzbiety.<\/p>\n\n\n\n<p>&#8211; Uff, gor\u0105co\u2026 \u2013 dyszy jaki\u015b jegomo\u015b\u0107.<\/p>\n\n\n\n<p>&#8211; To skacz pan do wody \u2013 radzi kto\u015b z boku.<\/p>\n\n\n\n<p>&#8211; Panie! \u2013 tr\u0105ca mnie pi\u0119\u015bci\u0105 w g\u0142ow\u0119 lustruj\u0105cy przestrze\u0144\njegomo\u015b\u0107. &#8211; Zas\u0142aniasz mi Pan widok, to jest karygodne.<\/p>\n\n\n\n<p>&#8211; Dlaczego \u201eKo\u017ale\u201d. Co to jest \u201eKo\u017ale\u201d? \u2013 podnosz\u0105 si\u0119\nniespodzianie pytania z rufy statku, na kt\u00f3rej wymalowany jest w\u0142a\u015bnie wyraz \u201eKo\u017ale\u201d.\n<\/p>\n\n\n\n<p>&#8211; Te\u017c si\u0119 panowie pytacie! \u2013 odzywa si\u0119 lekcewa\u017c\u0105co dama. \u2013 Ko\u017al\u0119\njest to m\u0142oda koza.<\/p>\n\n\n\n<p>&#8211; Hm\u2026 Hm &nbsp;\u2013 s\u0142ycha\u0107\nniezbyt zdecydowanie g\u0142osy.<\/p>\n\n\n\n<p>&#8211; Ko\u017ale to jest port \u2013 w\u0142\u0105cza si\u0119 do dyskusji staruszek.<\/p>\n\n\n\n<p>&#8211; Od kiedy to ko\u017ale jest portem \u2013 czerwieni si\u0119 niewiasta. \u2013\nCo on powiedzia\u0142? Pan nie zna jeszcze s\u0142ownika polskiego!<\/p>\n\n\n\n<p>&#8211; Kiedy nareszcie ujrzymy lotniskowiec? &#8211; podaj\u0105 zewsz\u0105d\npytania.<\/p>\n\n\n\n<p>&#8211; Mewy, mewy! \u2013 rozlegaj\u0105 si\u0119 okrzyki.<\/p>\n\n\n\n<p>&#8211; Ja panu m\u00f3wi\u0142em \u2013 usu\u0144 Pan g\u0142ow\u0119\u2026 \u2013 otrzymuj\u0119 po raz drugi\nuderzenia. <\/p>\n\n\n\n<p>Tymczasem mewy, kt\u00f3re nadlecia\u0142y nam na spotkanie od samotnej\nlatarni, wzbi\u0142y si\u0119 olbrzymi\u0105 gromad\u0105 nad statkiem i kwil\u0105 przejmuj\u0105co. Z\npok\u0142adu posypa\u0142y si\u0119 okruchy bu\u0142ek, chleba i suchar\u00f3w. Amator fotograf \u2013 w szalonych\nlansadach przebiega z miejsca na miejsce, jest nieostro\u017cny, omal nie wypada za\nburt\u0119. Niekt\u00f3re z mew, chwytaj\u0105 po\u017cywienie w locie. Inne spadaj\u0105c w d\u00f3\u0142\nb\u0142yskawicznie porywaj\u0105 z fal pokarm i o ile jest on wi\u0119kszym kawa\u0142ku, oddalaj\u0105\nsi\u0119 gdzie\u015b na bok, by usiad\u0142szy na wodzie, rozszarpa\u0107 go na cz\u0119\u015bci. Pasa\u017cerowie\ns\u0105 ogarni\u0119ci gor\u0105czk\u0105 karmienia. Z bufetu wykupiono ostatnie pierniki. Jaki\u015b\nroztargniony jegomo\u015b\u0107 wyrzuca klucze od swojego mieszkania zamiast utrzymanych\nw drugiej r\u0119ce bu\u0142ki. Rozpaczy. \u017b\u0105da zatrzymania statku. T\u0142umacz\u0105 mu, \u017ce Odra w\ntym miejscu ma osiemna\u015bcie metr\u00f3w g\u0142\u0119boko\u015bci. Siada wi\u0119c przygn\u0119biony,\nzrezygnowany.<\/p>\n\n\n\n<p>Za chwil\u0119 nasz statek po opisaniu \u0142agodnego p\u00f3\u0142kola zawraca\nz powrotem. Naturalnie wszyscy jeste\u015bmy przygotowani, \u017ce zostaniemy wysadzeni\nna brzeg, by rozejrze\u0107 si\u0119 po okolicy. W tym miejscu na skos rzeki u\u0142o\u017cy\u0142y si\u0119\nw regularnych odst\u0119pach smugi jasnej piany. Jak g\u0142\u0119bokie ogarnia nas rozczarowanie,\ngdy dowiadujemy si\u0119 wr\u0119cz co\u015b przeciwnego: wracamy do Szczecina. <\/p>\n\n\n\n<p>&#8211; Przecie\u017c jest dopiero dwunasta!\u2026 Mamy wr\u00f3ci\u0107 na si\u00f3dm\u0105\u2026\nCzy macie pa\u0144stwo zamiar tak wolno p\u0142yn\u0105\u0107? \u2013 rozlegaj\u0105 si\u0119 g\u0142o\u015bne protesty.<\/p>\n\n\n\n<p>&#8211; Ano\u2026 Pod pr\u0105d\u2026 By\u0107 mo\u017ce \u2013 mruczy kto\u015b z boku.<\/p>\n\n\n\n<p>P\u0142yniemy jednak z normaln\u0105 szybko\u015bci\u0105 i na godzin\u0119 trzeci\u0105\ndobijamy do Szczecina. Wszyscy s\u0105 troch\u0119 rozczarowani. Po pierwsze:\nlotniskowiec \u2013 widmo, nigdzie si\u0119 nie ukaza\u0142, po drugie: nie wr\u00f3cili\u015bmy o si\u00f3dmej.<\/p>\n\n\n\n<p>Wycieczkowicze \u017c\u0105daj\u0105 \u015bcis\u0142o\u015bci.<\/p>\n\n\n\n<p>(nr cenzora) X01251<\/p>\n\n\n\n<p>17.8.46<\/p>\n\n\n\n<figure class=\"wp-block-image size-large\"><img decoding=\"async\" width=\"1024\" height=\"545\" src=\"http:\/\/koszur.net\/wp-content\/uploads\/2020\/01\/Karpowicz-Ku-ujsciu-Odry02-1024x545.jpg\" alt=\"Ku ujsciu Odry felieton Tymoteusz Karpowicz\" class=\"wp-image-3056\" srcset=\"https:\/\/koszur.net\/wp-content\/uploads\/2020\/01\/Karpowicz-Ku-ujsciu-Odry02-1024x545.jpg 1024w, https:\/\/koszur.net\/wp-content\/uploads\/2020\/01\/Karpowicz-Ku-ujsciu-Odry02-650x346.jpg 650w, https:\/\/koszur.net\/wp-content\/uploads\/2020\/01\/Karpowicz-Ku-ujsciu-Odry02-300x160.jpg 300w, https:\/\/koszur.net\/wp-content\/uploads\/2020\/01\/Karpowicz-Ku-ujsciu-Odry02-768x408.jpg 768w, https:\/\/koszur.net\/wp-content\/uploads\/2020\/01\/Karpowicz-Ku-ujsciu-Odry02-1536x817.jpg 1536w, https:\/\/koszur.net\/wp-content\/uploads\/2020\/01\/Karpowicz-Ku-ujsciu-Odry02.jpg 1920w\" sizes=\"(max-width: 1024px) 100vw, 1024px\" \/><\/figure>\n","protected":false},"excerpt":{"rendered":"<p>w opr. Tymoteusza Karpowicza. Niedziela dn. 18.8.46 r. &nbsp;&nbsp;&nbsp;&nbsp;&nbsp;&nbsp;&nbsp;&nbsp;&nbsp;&nbsp;&nbsp;&nbsp;&nbsp;&nbsp;&nbsp;&nbsp;&nbsp;&nbsp;&nbsp;&nbsp;&nbsp;&nbsp;&nbsp;&nbsp;&nbsp;&nbsp;&nbsp;&nbsp;&nbsp;&nbsp;&nbsp;&nbsp;&nbsp;&nbsp;&nbsp;&nbsp;&nbsp;&nbsp;&nbsp;&nbsp;&nbsp; Niedziela. Deszcz. Jednak zgodnie z rozplakatowanym og\u0142oszeniem, od p\u0142ywamy z Wa\u0142\u00f3w Chrobrego o godzinie 10 rano, a mamy powr\u00f3ci\u0107 o 7 wieczorem. 9 godzin w\u0142\u00f3cz\u0119gi! Na statek wpadam jak zwykle w ostatniej chwili. &#8211; Ostro\u017cnie \u2013 ostrzega mnie kto\u015b z obs\u0142ugi \u2013 nie utop si\u0119 Pan. [&hellip;]<\/p>\n","protected":false},"author":990004,"featured_media":3057,"comment_status":"open","ping_status":"open","sticky":false,"template":"","format":"standard","meta":{"footnotes":""},"categories":[85,110],"tags":[86,87],"class_list":["post-3055","post","type-post","status-publish","format-standard","has-post-thumbnail","hentry","category-post","category-radio-szczecin-poczatki","tag-polskie-radio-szczecin","tag-tymoteusz-karpowicz"],"yoast_head":"<!-- This site is optimized with the Yoast SEO plugin v27.4 - https:\/\/yoast.com\/product\/yoast-seo-wordpress\/ -->\n<title>Tymoteusz Karpowicz - U nas w Szczecinie - Ku uj\u015bciu Odry - Marek Koszur<\/title>\n<meta name=\"robots\" content=\"index, follow, max-snippet:-1, max-image-preview:large, max-video-preview:-1\" \/>\n<link rel=\"canonical\" href=\"https:\/\/koszur.net\/index.php\/2020\/01\/08\/u-nas-w-szczecinie-ku-ujsciu-odry\/\" \/>\n<meta property=\"og:locale\" content=\"pl_PL\" \/>\n<meta property=\"og:type\" content=\"article\" \/>\n<meta property=\"og:title\" content=\"Tymoteusz Karpowicz - U nas w Szczecinie - Ku uj\u015bciu Odry - Marek Koszur\" \/>\n<meta property=\"og:description\" content=\"w opr. Tymoteusza Karpowicza. Niedziela dn. 18.8.46 r. &nbsp;&nbsp;&nbsp;&nbsp;&nbsp;&nbsp;&nbsp;&nbsp;&nbsp;&nbsp;&nbsp;&nbsp;&nbsp;&nbsp;&nbsp;&nbsp;&nbsp;&nbsp;&nbsp;&nbsp;&nbsp;&nbsp;&nbsp;&nbsp;&nbsp;&nbsp;&nbsp;&nbsp;&nbsp;&nbsp;&nbsp;&nbsp;&nbsp;&nbsp;&nbsp;&nbsp;&nbsp;&nbsp;&nbsp;&nbsp;&nbsp; Niedziela. Deszcz. Jednak zgodnie z rozplakatowanym og\u0142oszeniem, od p\u0142ywamy z Wa\u0142\u00f3w Chrobrego o godzinie 10 rano, a mamy powr\u00f3ci\u0107 o 7 wieczorem. 9 godzin w\u0142\u00f3cz\u0119gi! Na statek wpadam jak zwykle w ostatniej chwili. &#8211; Ostro\u017cnie \u2013 ostrzega mnie kto\u015b z obs\u0142ugi \u2013 nie utop si\u0119 Pan. [&hellip;]\" \/>\n<meta property=\"og:url\" content=\"https:\/\/koszur.net\/index.php\/2020\/01\/08\/u-nas-w-szczecinie-ku-ujsciu-odry\/\" \/>\n<meta property=\"og:site_name\" content=\"Marek Koszur\" \/>\n<meta property=\"article:published_time\" content=\"2020-01-08T18:05:46+00:00\" \/>\n<meta property=\"article:modified_time\" content=\"2020-02-15T16:36:34+00:00\" \/>\n<meta property=\"og:image\" content=\"https:\/\/koszur.net\/wp-content\/uploads\/2020\/01\/Karpowicz-Ku-ujsciu-Odry01.jpg\" \/>\n\t<meta property=\"og:image:width\" content=\"1920\" \/>\n\t<meta property=\"og:image:height\" content=\"880\" \/>\n\t<meta property=\"og:image:type\" content=\"image\/jpeg\" \/>\n<meta name=\"author\" content=\"Marek Koszur\" \/>\n<meta name=\"twitter:card\" content=\"summary_large_image\" \/>\n<meta name=\"twitter:label1\" content=\"Napisane przez\" \/>\n\t<meta name=\"twitter:data1\" content=\"Marek Koszur\" \/>\n\t<meta name=\"twitter:label2\" content=\"Szacowany czas czytania\" \/>\n\t<meta name=\"twitter:data2\" content=\"6 minut\" \/>\n<script type=\"application\/ld+json\" class=\"yoast-schema-graph\">{\"@context\":\"https:\\\/\\\/schema.org\",\"@graph\":[{\"@type\":\"Article\",\"@id\":\"https:\\\/\\\/koszur.net\\\/index.php\\\/2020\\\/01\\\/08\\\/u-nas-w-szczecinie-ku-ujsciu-odry\\\/#article\",\"isPartOf\":{\"@id\":\"https:\\\/\\\/koszur.net\\\/index.php\\\/2020\\\/01\\\/08\\\/u-nas-w-szczecinie-ku-ujsciu-odry\\\/\"},\"author\":{\"name\":\"Marek Koszur\",\"@id\":\"https:\\\/\\\/koszur.net\\\/#\\\/schema\\\/person\\\/7b14121b857c4d0757fcdfee081ace92\"},\"headline\":\"Tymoteusz Karpowicz &#8211; U nas w Szczecinie &#8211; Ku uj\u015bciu Odry\",\"datePublished\":\"2020-01-08T18:05:46+00:00\",\"dateModified\":\"2020-02-15T16:36:34+00:00\",\"mainEntityOfPage\":{\"@id\":\"https:\\\/\\\/koszur.net\\\/index.php\\\/2020\\\/01\\\/08\\\/u-nas-w-szczecinie-ku-ujsciu-odry\\\/\"},\"wordCount\":1263,\"commentCount\":0,\"image\":{\"@id\":\"https:\\\/\\\/koszur.net\\\/index.php\\\/2020\\\/01\\\/08\\\/u-nas-w-szczecinie-ku-ujsciu-odry\\\/#primaryimage\"},\"thumbnailUrl\":\"https:\\\/\\\/koszur.net\\\/wp-content\\\/uploads\\\/2020\\\/01\\\/Karpowicz-Ku-ujsciu-Odry01.jpg\",\"keywords\":[\"Polskie Radio Szczecin\",\"Tymoteusz Karpowicz\"],\"articleSection\":[\"Post\",\"Radio Szczecin - pocz\u0105tki\"],\"inLanguage\":\"pl-PL\",\"potentialAction\":[{\"@type\":\"CommentAction\",\"name\":\"Comment\",\"target\":[\"https:\\\/\\\/koszur.net\\\/index.php\\\/2020\\\/01\\\/08\\\/u-nas-w-szczecinie-ku-ujsciu-odry\\\/#respond\"]}]},{\"@type\":\"WebPage\",\"@id\":\"https:\\\/\\\/koszur.net\\\/index.php\\\/2020\\\/01\\\/08\\\/u-nas-w-szczecinie-ku-ujsciu-odry\\\/\",\"url\":\"https:\\\/\\\/koszur.net\\\/index.php\\\/2020\\\/01\\\/08\\\/u-nas-w-szczecinie-ku-ujsciu-odry\\\/\",\"name\":\"Tymoteusz Karpowicz - U nas w Szczecinie - Ku uj\u015bciu Odry - Marek Koszur\",\"isPartOf\":{\"@id\":\"https:\\\/\\\/koszur.net\\\/#website\"},\"primaryImageOfPage\":{\"@id\":\"https:\\\/\\\/koszur.net\\\/index.php\\\/2020\\\/01\\\/08\\\/u-nas-w-szczecinie-ku-ujsciu-odry\\\/#primaryimage\"},\"image\":{\"@id\":\"https:\\\/\\\/koszur.net\\\/index.php\\\/2020\\\/01\\\/08\\\/u-nas-w-szczecinie-ku-ujsciu-odry\\\/#primaryimage\"},\"thumbnailUrl\":\"https:\\\/\\\/koszur.net\\\/wp-content\\\/uploads\\\/2020\\\/01\\\/Karpowicz-Ku-ujsciu-Odry01.jpg\",\"datePublished\":\"2020-01-08T18:05:46+00:00\",\"dateModified\":\"2020-02-15T16:36:34+00:00\",\"author\":{\"@id\":\"https:\\\/\\\/koszur.net\\\/#\\\/schema\\\/person\\\/7b14121b857c4d0757fcdfee081ace92\"},\"breadcrumb\":{\"@id\":\"https:\\\/\\\/koszur.net\\\/index.php\\\/2020\\\/01\\\/08\\\/u-nas-w-szczecinie-ku-ujsciu-odry\\\/#breadcrumb\"},\"inLanguage\":\"pl-PL\",\"potentialAction\":[{\"@type\":\"ReadAction\",\"target\":[\"https:\\\/\\\/koszur.net\\\/index.php\\\/2020\\\/01\\\/08\\\/u-nas-w-szczecinie-ku-ujsciu-odry\\\/\"]}]},{\"@type\":\"ImageObject\",\"inLanguage\":\"pl-PL\",\"@id\":\"https:\\\/\\\/koszur.net\\\/index.php\\\/2020\\\/01\\\/08\\\/u-nas-w-szczecinie-ku-ujsciu-odry\\\/#primaryimage\",\"url\":\"https:\\\/\\\/koszur.net\\\/wp-content\\\/uploads\\\/2020\\\/01\\\/Karpowicz-Ku-ujsciu-Odry01.jpg\",\"contentUrl\":\"https:\\\/\\\/koszur.net\\\/wp-content\\\/uploads\\\/2020\\\/01\\\/Karpowicz-Ku-ujsciu-Odry01.jpg\",\"width\":1920,\"height\":880,\"caption\":\"Ku ujsciu Odry Tymoteusz Karpowicz\"},{\"@type\":\"BreadcrumbList\",\"@id\":\"https:\\\/\\\/koszur.net\\\/index.php\\\/2020\\\/01\\\/08\\\/u-nas-w-szczecinie-ku-ujsciu-odry\\\/#breadcrumb\",\"itemListElement\":[{\"@type\":\"ListItem\",\"position\":1,\"name\":\"Strona g\u0142\u00f3wna\",\"item\":\"https:\\\/\\\/koszur.net\\\/\"},{\"@type\":\"ListItem\",\"position\":2,\"name\":\"Tymoteusz Karpowicz &#8211; U nas w Szczecinie &#8211; Ku uj\u015bciu Odry\"}]},{\"@type\":\"WebSite\",\"@id\":\"https:\\\/\\\/koszur.net\\\/#website\",\"url\":\"https:\\\/\\\/koszur.net\\\/\",\"name\":\"Marek Koszur\",\"description\":\"\",\"potentialAction\":[{\"@type\":\"SearchAction\",\"target\":{\"@type\":\"EntryPoint\",\"urlTemplate\":\"https:\\\/\\\/koszur.net\\\/?s={search_term_string}\"},\"query-input\":{\"@type\":\"PropertyValueSpecification\",\"valueRequired\":true,\"valueName\":\"search_term_string\"}}],\"inLanguage\":\"pl-PL\"},{\"@type\":\"Person\",\"@id\":\"https:\\\/\\\/koszur.net\\\/#\\\/schema\\\/person\\\/7b14121b857c4d0757fcdfee081ace92\",\"name\":\"Marek Koszur\",\"image\":{\"@type\":\"ImageObject\",\"inLanguage\":\"pl-PL\",\"@id\":\"https:\\\/\\\/secure.gravatar.com\\\/avatar\\\/4bbcfc769b33e2aa8a1808111d73a706de3d36f4ccb0d3ba1fe3c65785cdee72?s=96&d=mm&r=g\",\"url\":\"https:\\\/\\\/secure.gravatar.com\\\/avatar\\\/4bbcfc769b33e2aa8a1808111d73a706de3d36f4ccb0d3ba1fe3c65785cdee72?s=96&d=mm&r=g\",\"contentUrl\":\"https:\\\/\\\/secure.gravatar.com\\\/avatar\\\/4bbcfc769b33e2aa8a1808111d73a706de3d36f4ccb0d3ba1fe3c65785cdee72?s=96&d=mm&r=g\",\"caption\":\"Marek Koszur\"},\"sameAs\":[\"http:\\\/\\\/koszur.net\",\"https:\\\/\\\/pl.wikipedia.org\\\/wiki\\\/Marek_Koszur\"],\"url\":\"https:\\\/\\\/koszur.net\\\/index.php\\\/author\\\/marekk\\\/\"}]}<\/script>\n<!-- \/ Yoast SEO plugin. -->","yoast_head_json":{"title":"Tymoteusz Karpowicz - U nas w Szczecinie - Ku uj\u015bciu Odry - Marek Koszur","robots":{"index":"index","follow":"follow","max-snippet":"max-snippet:-1","max-image-preview":"max-image-preview:large","max-video-preview":"max-video-preview:-1"},"canonical":"https:\/\/koszur.net\/index.php\/2020\/01\/08\/u-nas-w-szczecinie-ku-ujsciu-odry\/","og_locale":"pl_PL","og_type":"article","og_title":"Tymoteusz Karpowicz - U nas w Szczecinie - Ku uj\u015bciu Odry - Marek Koszur","og_description":"w opr. Tymoteusza Karpowicza. Niedziela dn. 18.8.46 r. &nbsp;&nbsp;&nbsp;&nbsp;&nbsp;&nbsp;&nbsp;&nbsp;&nbsp;&nbsp;&nbsp;&nbsp;&nbsp;&nbsp;&nbsp;&nbsp;&nbsp;&nbsp;&nbsp;&nbsp;&nbsp;&nbsp;&nbsp;&nbsp;&nbsp;&nbsp;&nbsp;&nbsp;&nbsp;&nbsp;&nbsp;&nbsp;&nbsp;&nbsp;&nbsp;&nbsp;&nbsp;&nbsp;&nbsp;&nbsp;&nbsp; Niedziela. Deszcz. Jednak zgodnie z rozplakatowanym og\u0142oszeniem, od p\u0142ywamy z Wa\u0142\u00f3w Chrobrego o godzinie 10 rano, a mamy powr\u00f3ci\u0107 o 7 wieczorem. 9 godzin w\u0142\u00f3cz\u0119gi! Na statek wpadam jak zwykle w ostatniej chwili. &#8211; Ostro\u017cnie \u2013 ostrzega mnie kto\u015b z obs\u0142ugi \u2013 nie utop si\u0119 Pan. [&hellip;]","og_url":"https:\/\/koszur.net\/index.php\/2020\/01\/08\/u-nas-w-szczecinie-ku-ujsciu-odry\/","og_site_name":"Marek Koszur","article_published_time":"2020-01-08T18:05:46+00:00","article_modified_time":"2020-02-15T16:36:34+00:00","og_image":[{"width":1920,"height":880,"url":"https:\/\/koszur.net\/wp-content\/uploads\/2020\/01\/Karpowicz-Ku-ujsciu-Odry01.jpg","type":"image\/jpeg"}],"author":"Marek Koszur","twitter_card":"summary_large_image","twitter_misc":{"Napisane przez":"Marek Koszur","Szacowany czas czytania":"6 minut"},"schema":{"@context":"https:\/\/schema.org","@graph":[{"@type":"Article","@id":"https:\/\/koszur.net\/index.php\/2020\/01\/08\/u-nas-w-szczecinie-ku-ujsciu-odry\/#article","isPartOf":{"@id":"https:\/\/koszur.net\/index.php\/2020\/01\/08\/u-nas-w-szczecinie-ku-ujsciu-odry\/"},"author":{"name":"Marek Koszur","@id":"https:\/\/koszur.net\/#\/schema\/person\/7b14121b857c4d0757fcdfee081ace92"},"headline":"Tymoteusz Karpowicz &#8211; U nas w Szczecinie &#8211; Ku uj\u015bciu Odry","datePublished":"2020-01-08T18:05:46+00:00","dateModified":"2020-02-15T16:36:34+00:00","mainEntityOfPage":{"@id":"https:\/\/koszur.net\/index.php\/2020\/01\/08\/u-nas-w-szczecinie-ku-ujsciu-odry\/"},"wordCount":1263,"commentCount":0,"image":{"@id":"https:\/\/koszur.net\/index.php\/2020\/01\/08\/u-nas-w-szczecinie-ku-ujsciu-odry\/#primaryimage"},"thumbnailUrl":"https:\/\/koszur.net\/wp-content\/uploads\/2020\/01\/Karpowicz-Ku-ujsciu-Odry01.jpg","keywords":["Polskie Radio Szczecin","Tymoteusz Karpowicz"],"articleSection":["Post","Radio Szczecin - pocz\u0105tki"],"inLanguage":"pl-PL","potentialAction":[{"@type":"CommentAction","name":"Comment","target":["https:\/\/koszur.net\/index.php\/2020\/01\/08\/u-nas-w-szczecinie-ku-ujsciu-odry\/#respond"]}]},{"@type":"WebPage","@id":"https:\/\/koszur.net\/index.php\/2020\/01\/08\/u-nas-w-szczecinie-ku-ujsciu-odry\/","url":"https:\/\/koszur.net\/index.php\/2020\/01\/08\/u-nas-w-szczecinie-ku-ujsciu-odry\/","name":"Tymoteusz Karpowicz - U nas w Szczecinie - Ku uj\u015bciu Odry - Marek Koszur","isPartOf":{"@id":"https:\/\/koszur.net\/#website"},"primaryImageOfPage":{"@id":"https:\/\/koszur.net\/index.php\/2020\/01\/08\/u-nas-w-szczecinie-ku-ujsciu-odry\/#primaryimage"},"image":{"@id":"https:\/\/koszur.net\/index.php\/2020\/01\/08\/u-nas-w-szczecinie-ku-ujsciu-odry\/#primaryimage"},"thumbnailUrl":"https:\/\/koszur.net\/wp-content\/uploads\/2020\/01\/Karpowicz-Ku-ujsciu-Odry01.jpg","datePublished":"2020-01-08T18:05:46+00:00","dateModified":"2020-02-15T16:36:34+00:00","author":{"@id":"https:\/\/koszur.net\/#\/schema\/person\/7b14121b857c4d0757fcdfee081ace92"},"breadcrumb":{"@id":"https:\/\/koszur.net\/index.php\/2020\/01\/08\/u-nas-w-szczecinie-ku-ujsciu-odry\/#breadcrumb"},"inLanguage":"pl-PL","potentialAction":[{"@type":"ReadAction","target":["https:\/\/koszur.net\/index.php\/2020\/01\/08\/u-nas-w-szczecinie-ku-ujsciu-odry\/"]}]},{"@type":"ImageObject","inLanguage":"pl-PL","@id":"https:\/\/koszur.net\/index.php\/2020\/01\/08\/u-nas-w-szczecinie-ku-ujsciu-odry\/#primaryimage","url":"https:\/\/koszur.net\/wp-content\/uploads\/2020\/01\/Karpowicz-Ku-ujsciu-Odry01.jpg","contentUrl":"https:\/\/koszur.net\/wp-content\/uploads\/2020\/01\/Karpowicz-Ku-ujsciu-Odry01.jpg","width":1920,"height":880,"caption":"Ku ujsciu Odry Tymoteusz Karpowicz"},{"@type":"BreadcrumbList","@id":"https:\/\/koszur.net\/index.php\/2020\/01\/08\/u-nas-w-szczecinie-ku-ujsciu-odry\/#breadcrumb","itemListElement":[{"@type":"ListItem","position":1,"name":"Strona g\u0142\u00f3wna","item":"https:\/\/koszur.net\/"},{"@type":"ListItem","position":2,"name":"Tymoteusz Karpowicz &#8211; U nas w Szczecinie &#8211; Ku uj\u015bciu Odry"}]},{"@type":"WebSite","@id":"https:\/\/koszur.net\/#website","url":"https:\/\/koszur.net\/","name":"Marek Koszur","description":"","potentialAction":[{"@type":"SearchAction","target":{"@type":"EntryPoint","urlTemplate":"https:\/\/koszur.net\/?s={search_term_string}"},"query-input":{"@type":"PropertyValueSpecification","valueRequired":true,"valueName":"search_term_string"}}],"inLanguage":"pl-PL"},{"@type":"Person","@id":"https:\/\/koszur.net\/#\/schema\/person\/7b14121b857c4d0757fcdfee081ace92","name":"Marek Koszur","image":{"@type":"ImageObject","inLanguage":"pl-PL","@id":"https:\/\/secure.gravatar.com\/avatar\/4bbcfc769b33e2aa8a1808111d73a706de3d36f4ccb0d3ba1fe3c65785cdee72?s=96&d=mm&r=g","url":"https:\/\/secure.gravatar.com\/avatar\/4bbcfc769b33e2aa8a1808111d73a706de3d36f4ccb0d3ba1fe3c65785cdee72?s=96&d=mm&r=g","contentUrl":"https:\/\/secure.gravatar.com\/avatar\/4bbcfc769b33e2aa8a1808111d73a706de3d36f4ccb0d3ba1fe3c65785cdee72?s=96&d=mm&r=g","caption":"Marek Koszur"},"sameAs":["http:\/\/koszur.net","https:\/\/pl.wikipedia.org\/wiki\/Marek_Koszur"],"url":"https:\/\/koszur.net\/index.php\/author\/marekk\/"}]}},"_links":{"self":[{"href":"https:\/\/koszur.net\/index.php\/wp-json\/wp\/v2\/posts\/3055","targetHints":{"allow":["GET"]}}],"collection":[{"href":"https:\/\/koszur.net\/index.php\/wp-json\/wp\/v2\/posts"}],"about":[{"href":"https:\/\/koszur.net\/index.php\/wp-json\/wp\/v2\/types\/post"}],"author":[{"embeddable":true,"href":"https:\/\/koszur.net\/index.php\/wp-json\/wp\/v2\/users\/990004"}],"replies":[{"embeddable":true,"href":"https:\/\/koszur.net\/index.php\/wp-json\/wp\/v2\/comments?post=3055"}],"version-history":[{"count":5,"href":"https:\/\/koszur.net\/index.php\/wp-json\/wp\/v2\/posts\/3055\/revisions"}],"predecessor-version":[{"id":3439,"href":"https:\/\/koszur.net\/index.php\/wp-json\/wp\/v2\/posts\/3055\/revisions\/3439"}],"wp:featuredmedia":[{"embeddable":true,"href":"https:\/\/koszur.net\/index.php\/wp-json\/wp\/v2\/media\/3057"}],"wp:attachment":[{"href":"https:\/\/koszur.net\/index.php\/wp-json\/wp\/v2\/media?parent=3055"}],"wp:term":[{"taxonomy":"category","embeddable":true,"href":"https:\/\/koszur.net\/index.php\/wp-json\/wp\/v2\/categories?post=3055"},{"taxonomy":"post_tag","embeddable":true,"href":"https:\/\/koszur.net\/index.php\/wp-json\/wp\/v2\/tags?post=3055"}],"curies":[{"name":"wp","href":"https:\/\/api.w.org\/{rel}","templated":true}]}}