{"id":12175,"date":"2023-10-07T12:35:52","date_gmt":"2023-10-07T10:35:52","guid":{"rendered":"https:\/\/koszur.net\/?p=12175"},"modified":"2023-10-07T12:36:39","modified_gmt":"2023-10-07T10:36:39","slug":"redaktor-zbigniew-puchalski-1933-2023","status":"publish","type":"post","link":"https:\/\/koszur.net\/index.php\/2023\/10\/07\/redaktor-zbigniew-puchalski-1933-2023\/","title":{"rendered":"Redaktor Zbigniew Puchalski (1933-2023)"},"content":{"rendered":"<p><strong>Z mojego codziennika.<\/strong><br \/>\n<strong>05 pa\u017adziernika 2023<\/strong><\/p>\n<p>&nbsp;<\/p>\n<p>Kilka minut po dziewi\u0105tej rano rozmawia\u0142em z synem. Telefon zasygnalizowa\u0142, \u017ce kto\u015b pr\u00f3buje si\u0119 do mnie dodzwoni\u0107.<br \/>\n&#8211; Wiesz, Piotr Puchalski dzwoni\u2026 &#8211; powiedzia\u0142em do mojego Piotra. &#8211; Wiem, po co&#8230;<\/p>\n<p>Przed czwart\u0105 rano obudzi\u0142 mnie jego Ojciec.<\/p>\n<p>&#8211; To ju\u017c pan nie \u017cyje? \u2013 powiedzia\u0142em zupe\u0142nie spokojnie. On nie odpowiedzia\u0142. Wolno wsta\u0142 z fotela, kt\u00f3rego nigdy wcze\u015bniej nie widzia\u0142em. W swoim domowym gabinecie mia\u0142 zupe\u0142nie inne. Nie mog\u0142em tez zorientowa\u0107 si\u0119, gdzie byli\u015bmy? Odwr\u00f3ci\u0142 si\u0119 w moj\u0105 stron\u0119 przez swoje prawe rami\u0119 i\u2026 ruszy\u0142 przed siebie.<\/p>\n<p>&#8211; No, dobrze\u2026 \u2013 powiedzia\u0142em odzyskuj\u0105c ju\u017c pe\u0142n\u0105 \u015bwiadomo\u015b\u0107 w zupe\u0142nie ciemnym pokoju. By\u0142em zaskoczony, \u017ce m\u00f3wi\u0119 na g\u0142os i widz\u0119 co\u015b, czego nie ma. Spojrza\u0142em na zegarek. Zdziwi\u0142em si\u0119, \u017ce jest kilka minut po trzeciej a nie, \u017ce jak mi si\u0119 wydawa\u0142o, \u017ce przed chwil\u0105 dochodzi\u0142a czwarta rano.<\/p>\n<p>Oddzwoni\u0142em do Piotra.<\/p>\n<p>&#8211; Ojciec odszed\u0142 dzi\u015b w nocy. W fotelu, pewnie usn\u0105\u0142 ogl\u0105daj\u0105c telewizj\u0119\u2026 My\u015bl\u0119, \u017ce by\u0142o to nad ranem.<br \/>\n&#8211; Tak \u2013 potwierdzi\u0142em \u2013 po trzeciej, ale przed czwart\u0105\u2026<br \/>\n&#8211; Przepraszam\u2026 \u2013 us\u0142ysza\u0142em, jak g\u0142os ca\u0142kowicie mu si\u0119 prze\u0142ama\u0142 na s\u0142one kryszta\u0142ki\u2026<\/p>\n<hr \/>\n<p>Pan redaktor Puchalski. Zbigniew Puchalski. Rzadko zwraca\u0142em si\u0119 do Niego per \u2013 panie Zbyszku. On zwyk\u0142 by\u0142 zawsze mawia\u0107: Marek, pan rozumie\u2026<\/p>\n<p>Ale s\u0142owo \u201eredaktor\u201d chyba mu si\u0119 podoba\u0142o, bardziej ni\u017c dyrektor. By\u0142 nim kilkadziesi\u0105t lat. Czyli zawsze. A dziennikarzem chcia\u0142 by\u0107. Te\u017c zawsze.<\/p>\n<p>&#8211; Marek, panu \u0142atwo ta robota przychodzi\u0142a, ja musia\u0142em si\u0119 narze\u017abi\u0107, \u017ceby komentarz czy felieton mia\u0142 sw\u00f3j styl i kszta\u0142t\u2026<\/p>\n<p>Realizowa\u0142 si\u0119 bez reszty w zarz\u0105dzaniu, inspirowaniu, organizacji i negocjacjach.<\/p>\n<p>&#8211; Marek, ja jestem d\u0142ugodystansowcem. Ju\u017c im si\u0119 wydawa\u0142o, \u017ce zapomnia\u0142em, zrezygnowa\u0142em, a ja tylko czeka\u0142em na odpowiedni moment.<\/p>\n<p>Czy ufa\u0142 ludziom? Nie stwarza\u0142 takich sytuacji, by musia\u0142 od kogokolwiek czu\u0107 si\u0119 uzale\u017cniony. Uznawa\u0142 kontrolowane kumoterstwo.<\/p>\n<p>&#8211; Marek, pan rozumie, realizuj\u0119 inwestycj\u0119, musz\u0119 zyskiwa\u0107 \u017cyczliwo\u015b\u0107 innych ludzi. Za pieni\u0105dze betonu pan dzi\u015b nie kupi. A z R. chodzi\u0142em do szko\u0142y. Teraz on pyta, czy nie mia\u0142bym roboty dla jego ch\u0142opaka. Sam rozumiesz\u2026 Taki kto\u015b z wywrotkami bardzo nam si\u0119 przyda. \u00a0Zajmie si\u0119 pan tym ch\u0142opakiem?<\/p>\n<p>Innym razem, na pocz\u0105tku lat 80.<\/p>\n<p>&#8211; To jest pan pu\u0142kownik W. \u2026 Ma k\u0142opot z c\u00f3rk\u0105. Obronno\u015b\u0107 kraju na tym tylko cierpi. A pan.\u00a0Marek, pan jest ju\u017c po wojsku, za kt\u00f3rym chyba pan nie przepada. Wi\u0119c jutro porozmawia pan z t\u0105 dam\u0105? A pu\u0142kownik niech czuwa nad naszym bezpiecze\u0144stwem.<\/p>\n<hr \/>\n<p>Czy mia\u0142 przyjaci\u00f3\u0142 \u2013 nie s\u0105dz\u0119. Znajomych \u2013 wyj\u0105tkowo wielu. A wrog\u00f3w \u2013 wy\u0142\u0105cznie.<\/p>\n<p>Mia\u0142 w sobie w nadmiarze te cechy, kt\u00f3rych ogromny deficyt wykazywali jego partnerzy i wsp\u00f3\u0142pracownicy.<\/p>\n<p>Dba\u0142 o dobre relacje z Komitetem Wojew\u00f3dzkim Partii. Wywodzi\u0142 si\u0119 z tamtego \u015brodowiska. By\u0142 lojalny i zdyscyplinowany.<\/p>\n<p>&#8211; Marek, trzeba w \u017cyciu mie\u0107 przynajmniej jedn\u0105 \u015bcian\u0119, o kt\u00f3r\u0105 mo\u017cesz si\u0119 oprze\u0107, skoro wszystkie inne si\u0119 na ciebie wal\u0105.<\/p>\n<hr \/>\n<p>Wiosn\u0105 ubieg\u0142ego roku spotkali\u015bmy si\u0119 kilka razy. Pretekstem do ju\u017c wielokrotnie wcze\u015bniej prowadzonych rozm\u00f3w by\u0142 niedorzeczny i bezkrytyczny projekt wydania sk\u0142adanki \u201eBy\u0142 sobie wie\u017cowiec\u201d.<\/p>\n<p>Pomys\u0142odawczyni powiedzia\u0142em: co to znaczy: by\u0142? Wie\u017cowiec by\u0142, jest i b\u0119dzie. A pani mia\u0142a w nim swoje pi\u0119\u0107 minut, kt\u00f3re nie upowa\u017cniaj\u0105 jej do robienia o tym miejscu ksi\u0105\u017cki, i to za spo\u0142eczne pieni\u0105dze. Je\u015bli ju\u017c, to t\u0119 prac\u0119 nale\u017cy po\u015bwieci\u0107 Zbigniewowi Puchalskiemu i ekipie autor\u00f3w, realizator\u00f3w, tw\u00f3rc\u00f3w, kt\u00f3rzy ten wie\u017cowiec nape\u0142niali tre\u015bci\u0105. A pani chce zwo\u0142a\u0107 gromadk\u0119 swoich kole\u017canek i koleg\u00f3w w my\u015bl porzekad\u0142a: s\u0142ysza\u0142a \u017caba, \u017ce konia kuj\u0105\u2026. Wymieni\u0142em nazwiska os\u00f3b tak\u017ce tych, kt\u00f3re nie doczeka\u0142y zako\u0144czenia budowy, ale odegra\u0142y istotn\u0105 rol\u0119 w naszym \u015brodowisku. Trzeba tak\u017ce napisa\u0107 o ludziach, kt\u00f3rzy robili wszystko, aby Zbigniewowi Puchalskiemu uniemo\u017cliwi\u0107 realizacj\u0119 koncepcji wielkiego O\u015brodka Radiowo-Telewizyjnego. Radiowego w pierwszym rz\u0119dzie! Bo wie\u017cowiec to by\u0142a inwestycja radia, a nie telewizji.<\/p>\n<p>Wszystkie te wykrzyczane zarzuty w kar\u0142owatym, jednak uwzgl\u0119dnionym zakresie znalaz\u0142y si\u0119 w tym bryku. Gdyby nie ta \u201eawantura\u201d mieliby\u015bmy rzeczywi\u015bcie kuriozum wydawnicze.<\/p>\n<p>Takie opracowanie winni przygotowa\u0107 wysokiej klasy reporterzy i naukowcy. Panie prezydencie Krzystek, pan finansuje to wydawnictwo &#8211; pisa\u0142em. Prezydent przys\u0142a\u0142 mi SMS i skierowa\u0142 do \u00f3wczesnej dyrektorki Wydzia\u0142u Kultury.<\/p>\n<p>&#8211; My nie ingerujemy w tre\u015b\u0107 zg\u0142aszanych projekt\u00f3w. Dla nas wa\u017cne jest, \u017ceby na ok\u0142adce wydawnictwa by\u0142o logo potwierdzaj\u0105ce nasz udzia\u0142 finansowy.<\/p>\n<p>Przewodnicz\u0105ca Stowarzyszenia Dziennikarzy RP, kt\u00f3rej edukacj\u0105 zaj\u0105\u0142em si\u0119 swego czasu by poprawi\u0107 stopie\u0144 obronno\u015bci kraju &#8211; odci\u0119\u0142a si\u0119 od pomys\u0142u.<\/p>\n<p>&#8211; Nic z tym wydawnictwem nie mam wsp\u00f3lnego.<\/p>\n<p>Ostatecznie zosta\u0142a wsp\u00f3\u0142autork\u0105.<\/p>\n<p>&#8211; Marek, ja nie rozumiem o co tu chodzi. Chc\u0105, \u017cebym napisa\u0142 co\u015b o inwestycji. Chc\u0105 sfilmowa\u0107 moj\u0105 wypowied\u017a\u2026 Co to ma by\u0107? \u2013 Zbigniew Puchalski nie kry\u0142 zak\u0142opotania.<\/p>\n<p>Od s\u0142owa do s\u0142owa okaza\u0142o si\u0119, \u017ce to syn by\u0142ego kolegi szkolnego, \u017ce w uzupe\u0142nieniu tej ksi\u0105\u017cki\u2026 \u017be ma kamer\u0119 i \u017ce chcia\u0142by nagra\u0107\u2026<\/p>\n<p>Nic gorszego nad \u017cerowanie na ludzkiej \u0142atwowierno\u015bci i oddaniu sprawie.<\/p>\n<p>Nie, Redaktor nie rozklei\u0142 si\u0119, przynajmniej nie na tyle, by okaza\u0107 jak\u0105kolwiek s\u0142abo\u015b\u0107. On zawsze i przede wszystkim by\u0142 na \u201etak\u201d.<\/p>\n<p>&#8211; Tak\u0105 rzecz to trzeba by\u0142oby\u2026 &#8211; i ju\u017c pop\u0142yn\u0105\u0142, kre\u015bl\u0105c szkic o wie\u017cowcu.<\/p>\n<p>I kolejny raz przerobili\u015bmy ca\u0142\u0105 histori\u0119 \u015brodowiska szczeci\u0144skich medi\u00f3w.<\/p>\n<p>Krew i b\u0142oto.<\/p>\n<hr \/>\n<p>Pierwszy raz zdradzi\u0142em Go w 1974, dwa miesi\u0105ce po przej\u015bciu z aplikantury na etat radiowy. Bogdan Wojtczak zach\u0119ca\u0142, W\u0142adek Wojciechowski, \u00f3wczesny zast\u0119pca OTV \u2013 gwarantowa\u0142 prac\u0119. T\u0119 zacz\u0105\u0142em od materia\u0142\u00f3w do Pegaza. Akurat by\u0142a rocznica szczeci\u0144skich teatr\u00f3w. Ale po kilku miesi\u0105cach uciek\u0142em z telewizji i wr\u00f3ci\u0142em do radia. Zbigniew Puchalski, gdy wszed\u0142em skruszony do jego gabinetu o nic nie zapyta\u0142, nawet chyba si\u0119 ze mn\u0105 nie przywita\u0142.<\/p>\n<p>&#8211; Marek, niech pan idzie do kadrowej. Ona wszystko za\u0142atwi.<\/p>\n<p>Dwadzie\u015bcia lat p\u00f3\u017aniej On sam przyszed\u0142 do mnie, do telewizji i zapyta\u0142, czy nie m\u00f3g\u0142bym sprawdzi\u0107 jego Piotra. Ten, po dw\u00f3ch godzinach zosta\u0142 filarem Kroniki Kana\u0142u 7. Bardzo zdolny i \u201etelewizyjny\u201d ch\u0142opak. Na szcz\u0119\u015bcie wr\u00f3ci\u0142 do zawodu prawnika ku wielkiej satysfakcji w\u0142asnej i Ojca.<\/p>\n<hr \/>\n<p>Siedz\u0119 i odkr\u0119cam ten film ze Zbigniewem Puchalskim w roli\u2026 drugoplanowej. Bo cho\u0107 trzyma\u0142 w r\u0119ce najwa\u017cniejsze sznurki, nigdy nie wychodzi\u0142 na \u015brodek sceny. By\u0142 mistrzem rozgrywek kuluarowych. Inni w swoich wspomnieniach o redaktorze Puchalskim napisz\u0105 o jego medalach, zas\u0142ugach, przedsi\u0119wzi\u0119ciach. Odkurz\u0105 wa\u017cne s\u0142owa, uszereguj\u0105 przymiotniki: zacny, porz\u0105dny, dobry, zdolny, energiczny, skuteczny, zaradny, stanowczy, konsekwentny\u2026<\/p>\n<hr \/>\n<p>R\u00f3wnie d\u0142uga jest lista \u201ewad\u201d redaktora Puchalskiego, drapana pazurami przez Jego wrog\u00f3w: nieprzekupny, uparty, zarozumia\u0142y, komuch, ortodoks, szczwany, podst\u0119pny, niezatapialny, koniunkturalista, aparatczyk, lizus. I &#8211; nie pije!<\/p>\n<p>No tak. To by\u0142 najmocniejszy zarzut. Z takim nic si\u0119 nie da za\u0142atwi\u0107. A o kolegowaniu si\u0119 \u2013 mowy by\u0107 nie mo\u017ce.<\/p>\n<hr \/>\n<p>&#8211; Ile chcesz zarabia\u0107? Chcesz mie\u0107 sw\u00f3j sta\u0142y program? \u2013 \u00f3wczesny (1980) szef telewizji, z charakterystycznym u\u015bmiechem, modelowanym na wz\u00f3r typowy da przedwojennego kinematografu, by\u0142 got\u00f3w zap\u0142aci\u0107 ka\u017cd\u0105 cen\u0119, abym wr\u00f3ci\u0142 do telewizji. \u2013 Masz uk\u0142ady w Warszawie, te same radiowe programy zrobisz w wersji telewizyjnej. Jutro pojedziesz ze mn\u0105 na Kongres Kultury Morskiej, ju\u017c za\u0142atwi\u0142em, \u017ce b\u0119dziemy wydawali gazet\u0119 Ligi Morskiej, a to twoja dzia\u0142ka, wi\u0119c na brak roboty nie b\u0119dziesz m\u00f3g\u0142 narzeka\u0107. Odbudujemy telewizj\u0119, oderwiemy si\u0119 od radia, staniemy na nogi!<\/p>\n<p>S\u0142owa popar\u0142 charakterystycznym gestem ocieraj\u0105cych si\u0119 palc\u00f3w prawej d\u0142oni.<\/p>\n<hr \/>\n<p>Zosta\u0142em w radiu.<\/p>\n<p>Po to, \u017ceby nied\u0142ugo p\u00f3\u017aniej Puchalski wyrzuci\u0142 mnie z pracy.<\/p>\n<p>&#8211; Marek, co pan zrobi\u0142? Prezes Wojciechowski powiedzia\u0142, \u017ce je\u015bli pana nie zwolni\u0119 to on wyrzuci mnie na zbit\u0105 twarz. Dyscyplinarnie! On w po\u0142udniowym wydaniu magazynu \u201eZ kraju i ze \u015bwiata\u201d i us\u0142ysza\u0142 pana reporta\u017c i rozmow\u0119 z kanclerzem Schmidtem. A potem by\u0142a relacja tego samego \u201ereportera z radia Szczecin\u201d \u2013 jak on wykrzykiwa\u0142 do mnie przez telefon, a kto to jest? &#8211; z konwencji wyborczej Helmuta Kohla, kandydata na kanclerza! Pan z nim rozmawia\u0142? Czy pan zmys\u0142y postrada\u0142? To nie s\u0105 nasze tematy. Pan pojecha\u0142 s\u0142u\u017cbowo na regaty, a nie na konwencje polityczne kandydat\u00f3w na szefa niemieckiego rz\u0105du!<\/p>\n<p>&#8211; Ale jako dziennikarz\u2026<\/p>\n<p>&#8211; Ani s\u0142owa. Prosz\u0119 natychmiast wyj\u015b\u0107 z wie\u017cowca. Nie chc\u0119 tu pana widzie\u0107 ani nic o panu s\u0142ysze\u0107. I jeszcze na pierwszej stronie w \u017byciu Warszawy wydrukowali panu ten reporta\u017c. Szef niemieckiego rz\u0105du gra na fortepianie! Jak pan to zrobi\u0142? Gdyby prezes dowiedzia\u0142 si\u0119, \u017ce G\u0142os Szczeci\u0144ski wydrukowa\u0142 te same pa\u0144skie materia\u0142y na dw\u00f3ch, \u2026? na trzech stronach? \u00a0Redaktor Puchalski opad\u0142 na krzes\u0142o, uni\u00f3s\u0142 gazet\u0119, a ja sta\u0142em bez s\u0142owa.<\/p>\n<p>&#8211; Nie chce tu pana widzie\u0107 przez dwa miesi\u0105ce. \u017badnych telefon\u00f3w, rozm\u00f3w z Warszaw\u0105. Nic. Prosz\u0119 nie oddycha\u0107!<\/p>\n<p>S\u0142owa dotrzyma\u0142. Prezesa zdaje si\u0119 zmienili po dw\u00f3ch tygodniach od tamtego zdarzenia. A ja \u2013 co by\u0142o absolutnym ewenementem \u2013 gdy wr\u00f3ci\u0142em z banicji dosta\u0142em szklank\u0119 herbaty, kt\u00f3r\u0105 nieodst\u0119puj\u0105ca Redaktora jego sekretarka Krystyna postawi\u0142a przede mn\u0105 z charakterystycznym u\u015bmiechem.<\/p>\n<p>&#8211; Prosz\u0119, panie Mareczku.<\/p>\n<hr \/>\n<p>Kolekcjonowa\u0142 ludzi.<\/p>\n<p>&#8211; Marek, trzeba wiedzie\u0107, z kim trzyma\u0107.<\/p>\n<p>Prezesi, dyrektorzy bank\u00f3w, naukowcy. Zupe\u0142nie poch\u0142on\u0119\u0142a go idea tworzenia Uniwersytetu w Szczecinie. Plotki na temat powinowactwa, koneksji rodzinnych Redaktora i w\u0142adz uczelni przegania\u0142y si\u0119 w tempie odrzutowca na bezchmurnym niebie.<\/p>\n<p>&#8211; Marek, to absolutne bzdury! Profesor Jaskot nie jest moj\u0105 kuzynk\u0105 \u2013 \u017cartowa\u0142.<\/p>\n<hr \/>\n<p>Zakochiwa\u0142 si\u0119 w niekt\u00f3rych osobisto\u015bciach miasta. Po trudnej relacji z szefem redakcji muzycznej, Zbigniewem Pawlickim, kt\u00f3ry z naszego radia odszed\u0142 na stanowisko dyrektora Krajowego Biura Koncertowego \u2013 obaj panowie rywalizowali ze sob\u0105 na kolegiach w pi\u0119knos\u0142owiu, retoryce i gestach, zakocha\u0142 si\u0119 w Janie Szyrockim. I kupi\u0142\u2026 Ch\u00f3r Akademicki Politechniki Szczeci\u0144skiej.<\/p>\n<p>W przedsierpniowym klimacie 1980 roku za\u0142oga postawi\u0142a dyrektorowi zarzut niegospodarno\u015bci podaj\u0105c za przyk\u0142ad zakup pulpit\u00f3w pod nuty. Wie\u017cowiec omal nie eksplodowa\u0142. Radio otrzyma\u0142o wtedy najnowocze\u015bniejsze studio nagraniowe W tym studiu mo\u017cna by\u0142 nagrywa\u0107 wszystko. A w Szczecinie tym wszystkim by\u0142 CHAPS i prof. Szyrocki.<\/p>\n<p>Latem przegl\u0105da\u0142em protoko\u0142y kolegi\u00f3w dyrekcyjnych i redakcyjnych z tamtego okresu \u017benuj\u0105ce argumenty, kompromituj\u0105cy styl i ta bezinteresowna zawi\u015b\u0107.<\/p>\n<p>Najwi\u0119ksza intryga? Na zebraniu za\u0142ogi, w klimacie solidarno\u015bciowego przesilenia, przewodnicz\u0105cy zwi\u0105zku Julian J\u00f3\u017awiakowski powiedzia\u0142, \u017ce dyrektor Puchalski chce zlikwidowa\u0107 Telewizj\u0119 Szczecin a zostawi\u0107 tylko radio. Nigdy wcze\u015bniej i nigdy p\u00f3\u017aniej tak si\u0119 w wie\u017cowcu nie zagotowa\u0142o.<\/p>\n<p>&#8211; Marek, to trzeba nie mie\u0107 nawet \u0142oju w g\u0142owie, \u017ceby dopu\u015bci\u0107 mo\u017cliwo\u015b\u0107 takiego rozwi\u0105zania, szczeg\u00f3lnie w odniesieniu do tej cz\u0119\u015bci kraju, przy niemieckiej granicy, w sytuacji niepodpisanego uk\u0142adu pokojowego\u2026<\/p>\n<p>&#8211; Zbyszku, a kto tu kogo pyta o racje? Liczy si\u0119 emocja! \u2013 dopowiada\u0142 Bogdan Chocianowicz, kt\u00f3ry w tamtym okresie przeszed\u0142 z telewizji do radia.<\/p>\n<hr \/>\n<p>Tak, Zbigniew Puchalski by\u0142 cz\u0142owiekiem wielu b\u0142\u0119d\u00f3w. Du\u017cych i ma\u0142ych. Sam wie\u017cowiec ze swoim nieuzasadnionym zad\u0119ciem, niestety, nie spe\u0142ni\u0142 pok\u0142adanych w nim nadziei. Do tego potrzebna by\u0142a zmiana pokoleniowa przede wszystkim ekipy dziennikarskiej, a potem pozorant\u00f3w z innych kom\u00f3rek firmy. Koszty utrzymania i eksploatacji budynku by\u0142y ogromne. Poziom tw\u00f3rczo\u015bci radiowej i telewizyjnej nie odbiega\u0142 od doczasowej normy. Ale czy to by\u0142a wina tylko Redaktora? Po otwarciu gmachu, na pierwszym zebraniu za\u0142ogi, gdy ju\u017c ruszy\u0142 kolejny atak na szefa, ten nie umia\u0142 ukry\u0107 wzburzenia.<\/p>\n<p>&#8211; Koniec. Ju\u017c starczy waszych narzeka\u0144 i biadolenia. Macie ju\u017c wszystko, a nawet wi\u0119cej ni\u017c chcieli\u015bcie. Nowy wie\u017cowiec, biurka i fotele, sprz\u0119t \u2013 wi\u0119c prosz\u0119 wreszcie poka\u017ccie, co potraficie.<\/p>\n<p>Z tym sprz\u0119tem &#8211; przesadzi\u0142. Na budow\u0119 nowego studia telewizyjnego trzeba by\u0142o czeka\u0107 dziesi\u0119\u0107 lat. W istotny spos\u00f3b mog\u0142em wp\u0142yn\u0105\u0107 na wznowienie i doko\u0144czenie tego procesu.<\/p>\n<p>&#8211; Marek, gdybym ja najpierw zbudowa\u0142 studio telewizyjne, oni by si\u0119 natychmiast od nas odci\u0119li. Zrobiliby rewolt\u0119. A tak, studio zrobimy na ko\u0144cu jako zwie\u0144czenie ca\u0142ego O\u015brodka. W ten spos\u00f3b nie storpeduj\u0105 mojego planu.<\/p>\n<hr \/>\n<p>Strategiem by\u0142 chyba dobrym, ale taktykiem \u2013 nie jestem przekonany. Powy\u017csza wypowied\u017a nie przysporzy\u0142a mu sympatii.<\/p>\n<hr \/>\n<p>Lubi\u0142 tw\u00f3rczo \u201enapuszcza\u0107\u201d jednych na drugich. Organizowa\u0142 oceny programu, powo\u0142ywa\u0142 recenzent\u00f3w omawiaj\u0105cych audycje koleg\u00f3w, pi\u0142owa\u0142 ga\u0142\u0119zie pod tymi, kt\u00f3rych przeciwnicy sami nie do\u015b\u0107 energicznie robili to wobec swoich antagonist\u00f3w. Nie tolerowa\u0142 ko\u0142tu\u0144stwa. T\u0119pi\u0142 chorobliwe przerosty ambicji. Ale je\u015bli trafi\u0142 na cz\u0142owieka s\u0142u\u017cb \u2013 rezygnowa\u0142.<\/p>\n<p>Nigdy nie powiedzia\u0142 z\u0142ego s\u0142owa o ludziach, kt\u00f3rych nie ceni\u0142, ale znakomicie stwarza\u0142 sytuacj\u0119, w kt\u00f3rych oni sami dawali \u015bwiadectwo na sw\u00f3j temat.<\/p>\n<hr \/>\n<p>Cierpia\u0142 i wielokrotnie mi m\u00f3wi\u0142, jak nie potrafi\u0142 sobie radzi\u0107 w\u0142a\u015bnie z\u2026 tymi, no, wiesz\u2026<\/p>\n<p>Nasze ostatnie rozmowy dotyczy\u0142y g\u0142\u00f3wnie odtajnianiu i tak powszechnie znanych fakt\u00f3w.<\/p>\n<p>&#8211; Marek, to ty o tym wiedzia\u0142e\u015b? &#8211; pyta\u0142 p\u00f3\u0142g\u0142osem, nie kryj\u0105c zdziwienia.<\/p>\n<p>&#8211; To by\u0142o proste\u2026 Je\u015bli pan o kim\u015b nigdy nie wspomina\u0142, to tym samym dawa\u0142 pan jasny sygna\u0142\u2026<\/p>\n<p>&#8211; Ale nie pisz o tym \u2013 prosi\u0142 bez \u017cadnej presji ani nacisku. \u2013 Tobie to nic nie da, im si\u0119 te\u017c ju\u017c nie przys\u0142u\u017cy. Marek, ty lepiej przyjd\u017a na spotkanie naszego Klubu Ludzi Dobrze Poinformowanych i powiedz, co tam w \u015bwiecie\u2026 Przecie\u017c znasz tych wszystkich starc\u00f3w. Oni ju\u017c nic nie mog\u0105, ale lubi\u0105 o tym nie my\u015ble\u0107\u2026<\/p>\n<hr \/>\n<p>Uwielbia\u0142 s\u0142ucha\u0107 o tym \u015bwiecie. Telefonowa\u0142, zaprasza\u0142. Potrafi\u0142 swoim s\u0142uchaniem moich opowie\u015bci naprawd\u0119 nie\u017ale mnie zm\u0119czy\u0107.<\/p>\n<p>&#8211; Marek, no tak, ciebie zawsze interesowa\u0142 \u015bwiat, ja nie mia\u0142em tej\u2026 tej\u2026 &#8211; i nigdy zdania tego nie doko\u0144czy\u0142.<\/p>\n<hr \/>\n<p>Dziesi\u0119\u0107 lat temu, z okazji 80 urodzin, w do\u015b\u0107 w\u0105skim gronie, po toa\u015bcie i \u017cyczeniach, usiedli\u015bmy we tr\u00f3jk\u0119 z redaktorem Ryszardem Bogunowiczem, z kt\u00f3rym obaj panowie razem studiowali, a ca\u0142e zawodowe \u017cycie sp\u0119dzili w jednej redakcji, zawsze z tym specyficznym dla ludzi tamtego pokolenia sposobem odnoszenia si\u0119 do siebie, nasyconego wzajemnym szacunkiem. Ryszard Bogunowicz, kt\u00f3ry s\u0142yn\u0105\u0142 z ci\u0119tego j\u0119zyka, nigdy nie rezygnowa\u0142 z okazji, by nie przypi\u0105\u0107 komu\u015b sympatyczn\u0105, ale z\u0142o\u015bliw\u0105 \u0142atk\u0119. Tylko wobec Zbigniewa Puchalskiego zawsze trzyma\u0142 &#8211; z wzajemno\u015bci\u0105 &#8211; ten ich jagiello\u0144ski poziom uniwersytecki. Bardzo im tego zazdro\u015bci\u0142em.<\/p>\n<p>I wtedy us\u0142ysza\u0142em najwi\u0119kszy dla mnie komplement.<\/p>\n<p>&#8211; Marek, my ju\u017c damy rady, reszt\u0119 musi pan bez nas doko\u0144czy\u0107\u2026 \u2013 Ryszard Bogunowicz po\u0142o\u017cy\u0142 d\u0142o\u0144 na moim ramieniu. \u2013 Zbyszek, oddaj mu te wszystkie papiery, on to na pewno wszystko wyrzuci. Ty zyskasz na stare lata troch\u0119 wi\u0119cej miejsca w pokoju. A tak, siedzisz, grzebiesz, nie pami\u0119tasz, robisz te swoje dopiski do zapisk\u00f3w (\u2026) \u2013 i tu redaktor \u015bpiewnie wyg\u0142osi\u0142 kilka sentencji, nie nadaj\u0105cych si\u0119 do cytowania.<\/p>\n<p>&#8211; To jedno mi si\u0119 nie uda\u0142o \u2013 doda\u0142 Puchalski. \u2013 Marek, nie pozwoli\u0142e\u015b mi, \u017cebym przekaza\u0142 ci wszystko to, co zrobi\u0142em. Ty umia\u0142by\u015b to spo\u017cytkowa\u0107. Ale bardziej ci\u0105gn\u0105\u0142 ci\u0119 ca\u0142y ten \u015bwiat.<\/p>\n<p>Nic straconego, panowie Redaktorzy! TAM chyba te\u017c maj\u0105 jakie\u015b radio i telewizj\u0119. Porz\u0105dzimy, ale ju\u017c nie budujmy wie\u017cowca.<\/p>\n","protected":false},"excerpt":{"rendered":"<p>Z mojego codziennika. 05 pa\u017adziernika 2023 &nbsp; Kilka minut po dziewi\u0105tej rano rozmawia\u0142em z synem. Telefon zasygnalizowa\u0142, \u017ce kto\u015b pr\u00f3buje si\u0119 do mnie dodzwoni\u0107. &#8211; Wiesz, Piotr Puchalski dzwoni\u2026 &#8211; powiedzia\u0142em do mojego Piotra. &#8211; Wiem, po co&#8230; Przed czwart\u0105 rano obudzi\u0142 mnie jego Ojciec. &#8211; To ju\u017c pan nie \u017cyje? \u2013 powiedzia\u0142em zupe\u0142nie spokojnie. [&hellip;]<\/p>\n","protected":false},"author":990004,"featured_media":6145,"comment_status":"open","ping_status":"open","sticky":false,"template":"","format":"standard","meta":{"footnotes":""},"categories":[200,85,84],"tags":[86,227,406],"class_list":["post-12175","post","type-post","status-publish","format-standard","has-post-thumbnail","hentry","category-ludzie","category-post","category-wpis","tag-polskie-radio-szczecin","tag-ryszard-bogunowicz","tag-zbigniew-puchalski"],"yoast_head":"<!-- This site is optimized with the Yoast SEO plugin v27.4 - https:\/\/yoast.com\/product\/yoast-seo-wordpress\/ -->\n<title>Redaktor Zbigniew Puchalski (1933-2023) - Marek Koszur<\/title>\n<meta name=\"robots\" content=\"index, follow, max-snippet:-1, max-image-preview:large, max-video-preview:-1\" \/>\n<link rel=\"canonical\" href=\"https:\/\/koszur.net\/index.php\/2023\/10\/07\/redaktor-zbigniew-puchalski-1933-2023\/\" \/>\n<meta property=\"og:locale\" content=\"pl_PL\" \/>\n<meta property=\"og:type\" content=\"article\" \/>\n<meta property=\"og:title\" content=\"Redaktor Zbigniew Puchalski (1933-2023) - Marek Koszur\" \/>\n<meta property=\"og:description\" content=\"Z mojego codziennika. 05 pa\u017adziernika 2023 &nbsp; Kilka minut po dziewi\u0105tej rano rozmawia\u0142em z synem. Telefon zasygnalizowa\u0142, \u017ce kto\u015b pr\u00f3buje si\u0119 do mnie dodzwoni\u0107. &#8211; Wiesz, Piotr Puchalski dzwoni\u2026 &#8211; powiedzia\u0142em do mojego Piotra. &#8211; Wiem, po co&#8230; Przed czwart\u0105 rano obudzi\u0142 mnie jego Ojciec. &#8211; To ju\u017c pan nie \u017cyje? \u2013 powiedzia\u0142em zupe\u0142nie spokojnie. [&hellip;]\" \/>\n<meta property=\"og:url\" content=\"https:\/\/koszur.net\/index.php\/2023\/10\/07\/redaktor-zbigniew-puchalski-1933-2023\/\" \/>\n<meta property=\"og:site_name\" content=\"Marek Koszur\" \/>\n<meta property=\"article:published_time\" content=\"2023-10-07T10:35:52+00:00\" \/>\n<meta property=\"article:modified_time\" content=\"2023-10-07T10:36:39+00:00\" \/>\n<meta property=\"og:image\" content=\"https:\/\/koszur.net\/wp-content\/uploads\/2020\/05\/ryszard-bogunowicz1.jpg\" \/>\n\t<meta property=\"og:image:width\" content=\"1920\" \/>\n\t<meta property=\"og:image:height\" content=\"1280\" \/>\n\t<meta property=\"og:image:type\" content=\"image\/jpeg\" \/>\n<meta name=\"author\" content=\"Marek Koszur\" \/>\n<meta name=\"twitter:card\" content=\"summary_large_image\" \/>\n<meta name=\"twitter:label1\" content=\"Napisane przez\" \/>\n\t<meta name=\"twitter:data1\" content=\"Marek Koszur\" \/>\n\t<meta name=\"twitter:label2\" content=\"Szacowany czas czytania\" \/>\n\t<meta name=\"twitter:data2\" content=\"13 minut\" \/>\n<script type=\"application\/ld+json\" class=\"yoast-schema-graph\">{\"@context\":\"https:\\\/\\\/schema.org\",\"@graph\":[{\"@type\":\"Article\",\"@id\":\"https:\\\/\\\/koszur.net\\\/index.php\\\/2023\\\/10\\\/07\\\/redaktor-zbigniew-puchalski-1933-2023\\\/#article\",\"isPartOf\":{\"@id\":\"https:\\\/\\\/koszur.net\\\/index.php\\\/2023\\\/10\\\/07\\\/redaktor-zbigniew-puchalski-1933-2023\\\/\"},\"author\":{\"name\":\"Marek Koszur\",\"@id\":\"https:\\\/\\\/koszur.net\\\/#\\\/schema\\\/person\\\/7b14121b857c4d0757fcdfee081ace92\"},\"headline\":\"Redaktor Zbigniew Puchalski (1933-2023)\",\"datePublished\":\"2023-10-07T10:35:52+00:00\",\"dateModified\":\"2023-10-07T10:36:39+00:00\",\"mainEntityOfPage\":{\"@id\":\"https:\\\/\\\/koszur.net\\\/index.php\\\/2023\\\/10\\\/07\\\/redaktor-zbigniew-puchalski-1933-2023\\\/\"},\"wordCount\":2661,\"commentCount\":0,\"image\":{\"@id\":\"https:\\\/\\\/koszur.net\\\/index.php\\\/2023\\\/10\\\/07\\\/redaktor-zbigniew-puchalski-1933-2023\\\/#primaryimage\"},\"thumbnailUrl\":\"https:\\\/\\\/koszur.net\\\/wp-content\\\/uploads\\\/2020\\\/05\\\/ryszard-bogunowicz1.jpg\",\"keywords\":[\"Polskie Radio Szczecin\",\"Ryszard Bogunowicz\",\"Zbigniew Puchalski\"],\"articleSection\":[\"Ludzie\",\"Post\",\"Wpis\"],\"inLanguage\":\"pl-PL\",\"potentialAction\":[{\"@type\":\"CommentAction\",\"name\":\"Comment\",\"target\":[\"https:\\\/\\\/koszur.net\\\/index.php\\\/2023\\\/10\\\/07\\\/redaktor-zbigniew-puchalski-1933-2023\\\/#respond\"]}]},{\"@type\":\"WebPage\",\"@id\":\"https:\\\/\\\/koszur.net\\\/index.php\\\/2023\\\/10\\\/07\\\/redaktor-zbigniew-puchalski-1933-2023\\\/\",\"url\":\"https:\\\/\\\/koszur.net\\\/index.php\\\/2023\\\/10\\\/07\\\/redaktor-zbigniew-puchalski-1933-2023\\\/\",\"name\":\"Redaktor Zbigniew Puchalski (1933-2023) - Marek Koszur\",\"isPartOf\":{\"@id\":\"https:\\\/\\\/koszur.net\\\/#website\"},\"primaryImageOfPage\":{\"@id\":\"https:\\\/\\\/koszur.net\\\/index.php\\\/2023\\\/10\\\/07\\\/redaktor-zbigniew-puchalski-1933-2023\\\/#primaryimage\"},\"image\":{\"@id\":\"https:\\\/\\\/koszur.net\\\/index.php\\\/2023\\\/10\\\/07\\\/redaktor-zbigniew-puchalski-1933-2023\\\/#primaryimage\"},\"thumbnailUrl\":\"https:\\\/\\\/koszur.net\\\/wp-content\\\/uploads\\\/2020\\\/05\\\/ryszard-bogunowicz1.jpg\",\"datePublished\":\"2023-10-07T10:35:52+00:00\",\"dateModified\":\"2023-10-07T10:36:39+00:00\",\"author\":{\"@id\":\"https:\\\/\\\/koszur.net\\\/#\\\/schema\\\/person\\\/7b14121b857c4d0757fcdfee081ace92\"},\"breadcrumb\":{\"@id\":\"https:\\\/\\\/koszur.net\\\/index.php\\\/2023\\\/10\\\/07\\\/redaktor-zbigniew-puchalski-1933-2023\\\/#breadcrumb\"},\"inLanguage\":\"pl-PL\",\"potentialAction\":[{\"@type\":\"ReadAction\",\"target\":[\"https:\\\/\\\/koszur.net\\\/index.php\\\/2023\\\/10\\\/07\\\/redaktor-zbigniew-puchalski-1933-2023\\\/\"]}]},{\"@type\":\"ImageObject\",\"inLanguage\":\"pl-PL\",\"@id\":\"https:\\\/\\\/koszur.net\\\/index.php\\\/2023\\\/10\\\/07\\\/redaktor-zbigniew-puchalski-1933-2023\\\/#primaryimage\",\"url\":\"https:\\\/\\\/koszur.net\\\/wp-content\\\/uploads\\\/2020\\\/05\\\/ryszard-bogunowicz1.jpg\",\"contentUrl\":\"https:\\\/\\\/koszur.net\\\/wp-content\\\/uploads\\\/2020\\\/05\\\/ryszard-bogunowicz1.jpg\",\"width\":1920,\"height\":1280,\"caption\":\"Ryszard Bogunowicz, Marek Koszur, Zbigniew Puchalski\"},{\"@type\":\"BreadcrumbList\",\"@id\":\"https:\\\/\\\/koszur.net\\\/index.php\\\/2023\\\/10\\\/07\\\/redaktor-zbigniew-puchalski-1933-2023\\\/#breadcrumb\",\"itemListElement\":[{\"@type\":\"ListItem\",\"position\":1,\"name\":\"Strona g\u0142\u00f3wna\",\"item\":\"https:\\\/\\\/koszur.net\\\/\"},{\"@type\":\"ListItem\",\"position\":2,\"name\":\"Redaktor Zbigniew Puchalski (1933-2023)\"}]},{\"@type\":\"WebSite\",\"@id\":\"https:\\\/\\\/koszur.net\\\/#website\",\"url\":\"https:\\\/\\\/koszur.net\\\/\",\"name\":\"Marek Koszur\",\"description\":\"\",\"potentialAction\":[{\"@type\":\"SearchAction\",\"target\":{\"@type\":\"EntryPoint\",\"urlTemplate\":\"https:\\\/\\\/koszur.net\\\/?s={search_term_string}\"},\"query-input\":{\"@type\":\"PropertyValueSpecification\",\"valueRequired\":true,\"valueName\":\"search_term_string\"}}],\"inLanguage\":\"pl-PL\"},{\"@type\":\"Person\",\"@id\":\"https:\\\/\\\/koszur.net\\\/#\\\/schema\\\/person\\\/7b14121b857c4d0757fcdfee081ace92\",\"name\":\"Marek Koszur\",\"image\":{\"@type\":\"ImageObject\",\"inLanguage\":\"pl-PL\",\"@id\":\"https:\\\/\\\/secure.gravatar.com\\\/avatar\\\/4bbcfc769b33e2aa8a1808111d73a706de3d36f4ccb0d3ba1fe3c65785cdee72?s=96&d=mm&r=g\",\"url\":\"https:\\\/\\\/secure.gravatar.com\\\/avatar\\\/4bbcfc769b33e2aa8a1808111d73a706de3d36f4ccb0d3ba1fe3c65785cdee72?s=96&d=mm&r=g\",\"contentUrl\":\"https:\\\/\\\/secure.gravatar.com\\\/avatar\\\/4bbcfc769b33e2aa8a1808111d73a706de3d36f4ccb0d3ba1fe3c65785cdee72?s=96&d=mm&r=g\",\"caption\":\"Marek Koszur\"},\"sameAs\":[\"http:\\\/\\\/koszur.net\",\"https:\\\/\\\/pl.wikipedia.org\\\/wiki\\\/Marek_Koszur\"],\"url\":\"https:\\\/\\\/koszur.net\\\/index.php\\\/author\\\/marekk\\\/\"}]}<\/script>\n<!-- \/ Yoast SEO plugin. -->","yoast_head_json":{"title":"Redaktor Zbigniew Puchalski (1933-2023) - Marek Koszur","robots":{"index":"index","follow":"follow","max-snippet":"max-snippet:-1","max-image-preview":"max-image-preview:large","max-video-preview":"max-video-preview:-1"},"canonical":"https:\/\/koszur.net\/index.php\/2023\/10\/07\/redaktor-zbigniew-puchalski-1933-2023\/","og_locale":"pl_PL","og_type":"article","og_title":"Redaktor Zbigniew Puchalski (1933-2023) - Marek Koszur","og_description":"Z mojego codziennika. 05 pa\u017adziernika 2023 &nbsp; Kilka minut po dziewi\u0105tej rano rozmawia\u0142em z synem. Telefon zasygnalizowa\u0142, \u017ce kto\u015b pr\u00f3buje si\u0119 do mnie dodzwoni\u0107. &#8211; Wiesz, Piotr Puchalski dzwoni\u2026 &#8211; powiedzia\u0142em do mojego Piotra. &#8211; Wiem, po co&#8230; Przed czwart\u0105 rano obudzi\u0142 mnie jego Ojciec. &#8211; To ju\u017c pan nie \u017cyje? \u2013 powiedzia\u0142em zupe\u0142nie spokojnie. [&hellip;]","og_url":"https:\/\/koszur.net\/index.php\/2023\/10\/07\/redaktor-zbigniew-puchalski-1933-2023\/","og_site_name":"Marek Koszur","article_published_time":"2023-10-07T10:35:52+00:00","article_modified_time":"2023-10-07T10:36:39+00:00","og_image":[{"width":1920,"height":1280,"url":"https:\/\/koszur.net\/wp-content\/uploads\/2020\/05\/ryszard-bogunowicz1.jpg","type":"image\/jpeg"}],"author":"Marek Koszur","twitter_card":"summary_large_image","twitter_misc":{"Napisane przez":"Marek Koszur","Szacowany czas czytania":"13 minut"},"schema":{"@context":"https:\/\/schema.org","@graph":[{"@type":"Article","@id":"https:\/\/koszur.net\/index.php\/2023\/10\/07\/redaktor-zbigniew-puchalski-1933-2023\/#article","isPartOf":{"@id":"https:\/\/koszur.net\/index.php\/2023\/10\/07\/redaktor-zbigniew-puchalski-1933-2023\/"},"author":{"name":"Marek Koszur","@id":"https:\/\/koszur.net\/#\/schema\/person\/7b14121b857c4d0757fcdfee081ace92"},"headline":"Redaktor Zbigniew Puchalski (1933-2023)","datePublished":"2023-10-07T10:35:52+00:00","dateModified":"2023-10-07T10:36:39+00:00","mainEntityOfPage":{"@id":"https:\/\/koszur.net\/index.php\/2023\/10\/07\/redaktor-zbigniew-puchalski-1933-2023\/"},"wordCount":2661,"commentCount":0,"image":{"@id":"https:\/\/koszur.net\/index.php\/2023\/10\/07\/redaktor-zbigniew-puchalski-1933-2023\/#primaryimage"},"thumbnailUrl":"https:\/\/koszur.net\/wp-content\/uploads\/2020\/05\/ryszard-bogunowicz1.jpg","keywords":["Polskie Radio Szczecin","Ryszard Bogunowicz","Zbigniew Puchalski"],"articleSection":["Ludzie","Post","Wpis"],"inLanguage":"pl-PL","potentialAction":[{"@type":"CommentAction","name":"Comment","target":["https:\/\/koszur.net\/index.php\/2023\/10\/07\/redaktor-zbigniew-puchalski-1933-2023\/#respond"]}]},{"@type":"WebPage","@id":"https:\/\/koszur.net\/index.php\/2023\/10\/07\/redaktor-zbigniew-puchalski-1933-2023\/","url":"https:\/\/koszur.net\/index.php\/2023\/10\/07\/redaktor-zbigniew-puchalski-1933-2023\/","name":"Redaktor Zbigniew Puchalski (1933-2023) - Marek Koszur","isPartOf":{"@id":"https:\/\/koszur.net\/#website"},"primaryImageOfPage":{"@id":"https:\/\/koszur.net\/index.php\/2023\/10\/07\/redaktor-zbigniew-puchalski-1933-2023\/#primaryimage"},"image":{"@id":"https:\/\/koszur.net\/index.php\/2023\/10\/07\/redaktor-zbigniew-puchalski-1933-2023\/#primaryimage"},"thumbnailUrl":"https:\/\/koszur.net\/wp-content\/uploads\/2020\/05\/ryszard-bogunowicz1.jpg","datePublished":"2023-10-07T10:35:52+00:00","dateModified":"2023-10-07T10:36:39+00:00","author":{"@id":"https:\/\/koszur.net\/#\/schema\/person\/7b14121b857c4d0757fcdfee081ace92"},"breadcrumb":{"@id":"https:\/\/koszur.net\/index.php\/2023\/10\/07\/redaktor-zbigniew-puchalski-1933-2023\/#breadcrumb"},"inLanguage":"pl-PL","potentialAction":[{"@type":"ReadAction","target":["https:\/\/koszur.net\/index.php\/2023\/10\/07\/redaktor-zbigniew-puchalski-1933-2023\/"]}]},{"@type":"ImageObject","inLanguage":"pl-PL","@id":"https:\/\/koszur.net\/index.php\/2023\/10\/07\/redaktor-zbigniew-puchalski-1933-2023\/#primaryimage","url":"https:\/\/koszur.net\/wp-content\/uploads\/2020\/05\/ryszard-bogunowicz1.jpg","contentUrl":"https:\/\/koszur.net\/wp-content\/uploads\/2020\/05\/ryszard-bogunowicz1.jpg","width":1920,"height":1280,"caption":"Ryszard Bogunowicz, Marek Koszur, Zbigniew Puchalski"},{"@type":"BreadcrumbList","@id":"https:\/\/koszur.net\/index.php\/2023\/10\/07\/redaktor-zbigniew-puchalski-1933-2023\/#breadcrumb","itemListElement":[{"@type":"ListItem","position":1,"name":"Strona g\u0142\u00f3wna","item":"https:\/\/koszur.net\/"},{"@type":"ListItem","position":2,"name":"Redaktor Zbigniew Puchalski (1933-2023)"}]},{"@type":"WebSite","@id":"https:\/\/koszur.net\/#website","url":"https:\/\/koszur.net\/","name":"Marek Koszur","description":"","potentialAction":[{"@type":"SearchAction","target":{"@type":"EntryPoint","urlTemplate":"https:\/\/koszur.net\/?s={search_term_string}"},"query-input":{"@type":"PropertyValueSpecification","valueRequired":true,"valueName":"search_term_string"}}],"inLanguage":"pl-PL"},{"@type":"Person","@id":"https:\/\/koszur.net\/#\/schema\/person\/7b14121b857c4d0757fcdfee081ace92","name":"Marek Koszur","image":{"@type":"ImageObject","inLanguage":"pl-PL","@id":"https:\/\/secure.gravatar.com\/avatar\/4bbcfc769b33e2aa8a1808111d73a706de3d36f4ccb0d3ba1fe3c65785cdee72?s=96&d=mm&r=g","url":"https:\/\/secure.gravatar.com\/avatar\/4bbcfc769b33e2aa8a1808111d73a706de3d36f4ccb0d3ba1fe3c65785cdee72?s=96&d=mm&r=g","contentUrl":"https:\/\/secure.gravatar.com\/avatar\/4bbcfc769b33e2aa8a1808111d73a706de3d36f4ccb0d3ba1fe3c65785cdee72?s=96&d=mm&r=g","caption":"Marek Koszur"},"sameAs":["http:\/\/koszur.net","https:\/\/pl.wikipedia.org\/wiki\/Marek_Koszur"],"url":"https:\/\/koszur.net\/index.php\/author\/marekk\/"}]}},"_links":{"self":[{"href":"https:\/\/koszur.net\/index.php\/wp-json\/wp\/v2\/posts\/12175","targetHints":{"allow":["GET"]}}],"collection":[{"href":"https:\/\/koszur.net\/index.php\/wp-json\/wp\/v2\/posts"}],"about":[{"href":"https:\/\/koszur.net\/index.php\/wp-json\/wp\/v2\/types\/post"}],"author":[{"embeddable":true,"href":"https:\/\/koszur.net\/index.php\/wp-json\/wp\/v2\/users\/990004"}],"replies":[{"embeddable":true,"href":"https:\/\/koszur.net\/index.php\/wp-json\/wp\/v2\/comments?post=12175"}],"version-history":[{"count":3,"href":"https:\/\/koszur.net\/index.php\/wp-json\/wp\/v2\/posts\/12175\/revisions"}],"predecessor-version":[{"id":12182,"href":"https:\/\/koszur.net\/index.php\/wp-json\/wp\/v2\/posts\/12175\/revisions\/12182"}],"wp:featuredmedia":[{"embeddable":true,"href":"https:\/\/koszur.net\/index.php\/wp-json\/wp\/v2\/media\/6145"}],"wp:attachment":[{"href":"https:\/\/koszur.net\/index.php\/wp-json\/wp\/v2\/media?parent=12175"}],"wp:term":[{"taxonomy":"category","embeddable":true,"href":"https:\/\/koszur.net\/index.php\/wp-json\/wp\/v2\/categories?post=12175"},{"taxonomy":"post_tag","embeddable":true,"href":"https:\/\/koszur.net\/index.php\/wp-json\/wp\/v2\/tags?post=12175"}],"curies":[{"name":"wp","href":"https:\/\/api.w.org\/{rel}","templated":true}]}}