{"id":11723,"date":"2023-06-11T17:26:11","date_gmt":"2023-06-11T15:26:11","guid":{"rendered":"https:\/\/koszur.net\/?p=11723"},"modified":"2023-06-11T19:14:13","modified_gmt":"2023-06-11T17:14:13","slug":"zamierzchle-czasy-czyli-wczoraj-odc-03","status":"publish","type":"post","link":"https:\/\/koszur.net\/index.php\/2023\/06\/11\/zamierzchle-czasy-czyli-wczoraj-odc-03\/","title":{"rendered":"Zamierzch\u0142e czasy czyli&#8230; wczoraj? &#8211; odc. 03"},"content":{"rendered":"<p><strong>UWAGA<\/strong>:<\/p>\n<ol>\n<li>To s\u0105 materia\u0142y robocze, dziennikarskie notatki<\/li>\n<li>Z tych materia\u0142\u00f3w powstanie pe\u0142ne opracowanie tematu<\/li>\n<li>Zapraszam do wsp\u00f3\u0142redagowania<\/li>\n<\/ol>\n<hr \/>\n<div class=\"sc_dropcaps sc_dropcaps_style_2\"><span class=\"sc_dropcaps_item\">M<\/span>usz\u0119 zmieni\u0107 tytu\u0142 roboczy tej dokumentacji. Na bardziej wyrazisty.<\/div>\n<blockquote><p><strong>Tytu\u0142 za konia!<\/strong><\/p><\/blockquote>\n<p>Ten nowy tytu\u0142 musi odzwierciedla\u0107 absurd jaki mi si\u0119 jawi, gdy rozpoznaj\u0119 zasady i regu\u0142y kszta\u0142cenia dziennikarzy w Uniwersytecie Szczeci\u0144skim. \u2026 To znaczy \u2013 zadziwia mnie brak tych zasad i regu\u0142.<\/p>\n<p>Przypomn\u0119 \u2013 rozmawiamy o jednej z najbardziej subtelnych i wra\u017cliwych profesji. O zawodzie najwy\u017cszego zaufania. Dziennikarz to wi\u0119cej ni\u017c policjant i s\u0119dzia, to partner dla profesora i pilota F16. Cz\u0142owiek, kt\u00f3ry dla wiarygodno\u015bci swojego przekazu lub w celu zrozumienia racji rozm\u00f3wcy podda si\u0119 wielu stresuj\u0105cym testom.<\/p>\n<p>To wreszcie cz\u0142owiek potrafi\u0105cy wyj\u015b\u0107 z siebie, si\u0105\u015b\u0107 obok i z tej w\u0142a\u015bnie perspektywy kontrolowa\u0107 siebie samego, swoj\u0105 niezale\u017cno\u015b\u0107, odporno\u015b\u0107 na fa\u0142sz i pochlebstwo, wyczuwaj\u0105cy k\u0142amstwo i podst\u0119p.<\/p>\n<p>Dziennikarz, to kto\u015b, dla kogo wchodzenie w konflikt jest chlebem powszednim. Ka\u017cdy reporter, kt\u00f3ry st\u0105pa po grz\u0105skim gruncie \u2013 marzy o procesach, o zeznaniach, przysi\u0119gach, o tym, \u017ce teraz, przed s\u0105dem bohater reporta\u017cu wreszcie powie prawd\u0119.<\/p>\n<blockquote><p>I co najwa\u017cniejsze \u2013 dziennikarz to osoba obdarzona immunitetem \u2013 ma prawo a wr\u0119cz obowi\u0105zek utrzymania tajemnicy dziennikarskiej.<\/p><\/blockquote>\n<p>&#8211; Wie pan, nigdy wcze\u015bniej nikomu o tym nie m\u00f3wi\u0142em, pan jest pierwszy\u2026 &#8211; ile razy sam s\u0142ysza\u0142em takie wyznanie\u2026 \u00a0Albo to \u2013 Powiem panu co\u015b, w pe\u0142nej tajemnicy, tylko dlatego, \u017ce lepiej zrozumie pan moje racje, moje imperatywy. Prosz\u0119. W \u017cadnym wypadku nie ujawni\u0107 tych fakt\u00f3w. Prosz\u0119 ich \u015bwiadomo\u015b\u0107 wykorzysta\u0107 i warsztatowo odpowiednio spo\u017cytkowa\u0107\u2026<\/p>\n<p>Tak, to najwy\u017cszy stopie\u0144 zawodowego wtajemniczenia. Wzbudzanie zaufania. I pewno\u015b\u0107, \u017ce nie sprzeniewierzymy tego zaufania.<\/p>\n<p>Tymczasem \u2013 jak pisa\u0142em w poprzednim po\u015bcie \u2013 w Szczecinie na te studia trafiaj\u0105 ludzie, kt\u00f3rzy \u2013 cytuj\u0119 opini\u0119 jednego z wyk\u0142adowc\u00f3w: <strong>maj\u0105 problemy z podstawowymi kompetencjami. Z czytaniem, pisaniem, ze skonstruowaniem prostego tekstu. Ta m\u0142odzie\u017c nie jest w stanie intelektualnie zapanowa\u0107 nad podstawowymi gatunkami wypowiedzi na pi\u015bmie. <\/strong><\/p>\n<p><strong>\u00a0<\/strong>I zn\u00f3w si\u0119 powtarzam<strong> \u2013 to po co przyjmowa\u0107 ich na studia? Kto na operatora d\u017awigu zatrudnia osob\u0119 z l\u0119kiem wysoko\u015bci, a do pracy w kompleksie podwodnym \u2013 cz\u0142owieka z klaustrofobi\u0105? <\/strong><\/p>\n<hr \/>\n<p>Ustalmy nowy ranking moich problem\u00f3w w opracowaniu tego tematu:<\/p>\n<ul style=\"list-style-type: square;\">\n<li>Po pierwsze \u2013 \u201ezaci\u0119cie si\u0119\u201d wsp\u00f3\u0142pracy ze strony pracownik\u00f3w Wydzia\u0142u Dziennikarstwa<\/li>\n<li>Po drugie \u2013 pracownicy wydzia\u0142u i rzecznik prasowy uniwersytetu, nie wiedz\u0105 nic na temat \u2013 pal sze\u015b\u0107 &#8211; daty powstania wydzia\u0142u, ilo\u015bci absolwent\u00f3w, liczebno\u015bci grona dziennikarzy tutaj wykszta\u0142conych i pracuj\u0105cych w spos\u00f3b zauwa\u017calny w mediach, ale niewiele mog\u0105 pokaza\u0107 naukowych dokona\u0144, osi\u0105gni\u0119\u0107, sukces\u00f3w, rekord\u00f3w wydzia\u0142u! No, chyba, \u017ce takich nie ma. Te, na kt\u00f3re trafiam \u2013 nie s\u0105 wolne od b\u0142\u0119d\u00f3w i sztuczno\u015bci podejmowanych temat\u00f3w. Te tematy nie maj\u0105 \u017cadnego prze\u0142o\u017cenia na popraw\u0119 jako\u015bci szkolenia, nie podnosz\u0105 naszej wiedzy o tym zawodzie, jego przemianach albo nie ukazuj\u0105 problem\u00f3w w taki spos\u00f3b, by inspirowa\u0142y, sugerowa\u0142y, podpowiada\u0142y konstruktywne rozwi\u0105zania, podnosz\u0105ce presti\u017c i efekty studi\u00f3w dziennikarskich.<\/li>\n<li>Po trzecie \u2013 opinia o wydziale. Tak, to kwestie ocenne, trudne do weryfikacji. Ale\u2026 Je\u015bli na dziennikarstwie ju\u017c studiowa\u0142o ponad 1000 os\u00f3b i po\u0142owa z nich powie, \u017ce by\u0142o OK, ale \u017caden z nich nie pracuje w zawodzie, to mo\u017cna powiedzie\u0107, \u017ce wydzia\u0142 jest OK? Nie chc\u0119 trywializowa\u0107, co powiedzieliby\u015bmy o studiach medycznych, po uko\u0144czeniu kt\u00f3rych, z tysi\u0105ca s\u0142uchaczy \u2013 trzydziestu trafia do pracy z pacjentami?<\/li>\n<li>Po czwarte \u2013 brak \u017ar\u00f3de\u0142 wskazuj\u0105cych na uzasadnienie powo\u0142ania tego wydzia\u0142u. Dlaczego Uniwersytet Szczeci\u0144ski kszta\u0142ci dziennikarzy? Chcia\u0142bym przeczyta\u0107 analiz\u0119, kt\u00f3ra jednoznacznie wskazywa\u0142a na spo\u0142eczne zapotrzebowanie na ten kierunek. Kosmonauci to zaw\u00f3d przysz\u0142o\u015bci. Nikt nie zaprzeczy. Wi\u0119c dlaczego nie kszta\u0142cimy w Szczecinie kosmonaut\u00f3w? Byliby\u015bmy pionierami w tej dziedzinie! Halo Ziemia, halo! \u2026<\/li>\n<li>Po pi\u0105te \u2013 wed\u0142ug jakiego klucza kompletowano kadr\u0119 pedagogiczn\u0105? Jak liczna jest grupa praktyk\u00f3w, zawodowc\u00f3w, wyjadaczy, mistrz\u00f3w w zawodzie, kt\u00f3rzy wprowadzaliby student\u00f3w w praktyczne rewiry tego zawodu? Bo dziennikarstwo to jest rzemios\u0142o a nie filozofia czy medytacje, to umiej\u0119tno\u015b\u0107 i techniki rozmawiania z lud\u017ami, by z ich s\u0142\u00f3w tworzy\u0107 obraz przemawiaj\u0105cy.<\/li>\n<\/ul>\n<p>Tych \u201epo kt\u00f3re\u015b\u2026\u201d &#8211; przybywa.<\/p>\n<p>Ale wr\u00f3\u0107my do sprawy tytu\u0142u\u2026<\/p>\n<p>Mamy sytuacj\u0119 tak\u0105 oto:<\/p>\n<blockquote><p>grupa niemaj\u0105ca poj\u0119cia o czym\u015b, chce tego niczego nauczy\u0107 inn\u0105 grup\u0119 i wystawi\u0107 jej glejt, \u017ce to nic jest w\u0142a\u015bnie tym czym\u015b.<\/p><\/blockquote>\n<p>Nonsens.<\/p>\n<p>Pro\u015bciej b\u0119dzie zatytu\u0142owa\u0107 ten materia\u0142 mniej prowokacyjnie. Na przyk\u0142ad, niech to b\u0119dzie gra s\u0142\u00f3w takich jak: trener, akwarium, nurek, kanarek\u2026 No, zapraszam\u2026 Mo\u017cna doda\u0107, ale lepiej b\u0119dzie odj\u0105\u0107 kt\u00f3ry\u015b z wyraz\u00f3w. \u201eTrenowanie kanark\u00f3w w nurkowaniu w akwarium\u2026\u201d, \u201eNurkowanie kanark\u00f3w w akwarium\u201d, \u201eAkwarium pe\u0142ne kanark\u00f3w\u201d, \u201ePodwodne kanarki\u201d\u2026 \u00a0\u00a0Prosz\u0119? Hm\u2026 Mo\u017cna parafrazowa\u0107: \u201ePo\u0142kn\u0105\u0107 s\u0142onia\u201d. Albo: \u201ePrzemin\u0119\u0142o obok\u201d, \u201eUdr\u0119ka i poruta\u201d\u2026<\/p>\n<hr \/>\n<p>Podczas mojej pierwszej wizyty w Uniwersytecie Szczeci\u0144skim pan S\u0142awomir Iwasi\u00f3w zaprotestowa\u0142, a nawet oburzy\u0142 si\u0119, gdy powiedzia\u0142em, \u017ce mam trudno\u015bci z trafieniem do absolwent\u00f3w szczeci\u0144skiego dziennikarstwa, kt\u00f3rzy pracuj\u0105 w mediach.<\/p>\n<p>&#8211; W tej chwili w Polskiej Agencji Prasowej w Szczecinie pracuj\u0105 Ela Bielecka i Ma\u0142gorzata Miszczuk. Obie sko\u0144czy\u0142y tutaj studia. Ela Bielecka zrobi\u0142a doktorat razem ze mn\u0105, na literaturoznawstwie. Ma\u0142gorzata Miszczuk pracowa\u0142a w telewizji i G\u0142osie. Alan Sasinowski \u2013 jest pisarzem, studiowa\u0142 polonistyk\u0119, Kacper Reszczy\u0144ski \u2013 pracowa\u0142 ca\u0142e 10 lat w Polskiej Agencji Prasowej. Studiowa\u0142 ze mn\u0105 na roku (polonistyka). Grzegorz Lament, studiowali\u015bmy na polonistyce, pracuje w Radiu Szczecin. Mateusz Warianka, to jest nasz student, robi\u0142 newsy sportowe. Bez problemu mo\u017cemy go znale\u017a\u0107.<\/p>\n<p>Zarzuci\u0142em w\u0119dk\u0119. Pos\u0142a\u0142em kolejne maile. Po godzinie \u2013 mia\u0142em pierwsze branie.<\/p>\n<div class=\"sc_infobox sc_infobox_style_regular sc_infobox_closeable margin_left_medium\" style=\"color:black;background-color:F0F8FF;\">Mateusz Warianka, dziennikarz sportowy radiowej Tr\u00f3jki. Rozmawiamy 07 czerwca 2023, po po\u0142udniu.<\/p>\n<p>&#8211; Zdawa\u0142 pan egzamin wst\u0119pny?<\/p>\n<p>&#8211; Nie! Na pierwszym roku co chwil\u0119 kto\u015b nowy dochodzi\u0142, bo tam wiecznie by\u0142o ma\u0142o ch\u0119tnych.<\/p>\n<p>&#8211; P\u0142aci\u0142 pan za te studia?<\/p>\n<p>&#8211; Nie. Na roku by\u0142o nas oko\u0142o 80 os\u00f3b. Niemal wszyscy uko\u0144czyli te studia. Ale z tej ca\u0142ej mojej grupy tylko ja jeden pracuj\u0119 w mediach, chocia\u017c tych studi\u00f3w nie uko\u0144czy\u0142em. Ja z nich zrezygnowa\u0142em. To by\u0142o w 2012, a mo\u017ce w 2013\u2026 Ju\u017c nie pami\u0119tam.<\/p>\n<p>&#8211; Zaskakuj\u0105ce\u2026<\/p>\n<p>&#8211; Pracuj\u0119 w mediach do dzi\u015b, ale to w \u017cadnej mierze nie jest zas\u0142ug\u0105 tych studi\u00f3w.<\/p>\n<p>&#8211; Po kolei\u2026 &#8211; No to co pa\u0144stwo tam robili? Przecie\u017c studenci pisz\u0105 prace semestralne, zaliczaj\u0105 przedmioty. Otrzymywa\u0142 pan zadania, na przyk\u0142ad napisa\u0107 reporta\u017c, nagra\u0107 relacj\u0119\u2026<\/p>\n<p>&#8211; Nie. Z zaj\u0119\u0107 praktycznych, warsztat\u00f3w, oddawali\u015bmy jakie\u015b bie\u017c\u0105ce prace pisemne. Ale one nie mia\u0142y nic wsp\u00f3lnego z zagadnieniami praktycznymi, potwierdzaj\u0105cymi, czy nauczyli\u015bmy si\u0119 warsztatu. Och! Najwi\u0119cej by\u0142o zagadnie\u0144 teoretycznych. Jak powstawa\u0142 druk, historia prasy, czym jest felieton, forma publicystyczna, czym jest forma informacyjna. Jednym z wyk\u0142adowc\u00f3w by\u0142 ksi\u0105dz. I on mia\u0142 kilka zaj\u0119\u0107 praktycznych.<\/p>\n<p>&#8211; A klasyka reporta\u017cu radiowego, reporta\u017cu literackiego\u2026<\/p>\n<p>&#8211; Tak, pami\u0119tam, \u017ce omawiali\u015bmy fragmenty utwor\u00f3w Kapu\u015bci\u0144skiego. Omawiali\u015bmy \u2013 to du\u017co powiedziane. To by\u0142a raczej jednostronna prezentacja, \u017ce tak trzeba pisa\u0107\u2026 Tak r\u00f3bcie, tak piszcie\u2026 Prosz\u0119 zrozumie\u0107, na tych studiach ja si\u0119 spotka\u0142em wy\u0142\u0105cznie z teoretykami dziennikarstwa, a nie z praktykami. Dlatego tak negatywnie oceniam te studia.<\/p>\n<p>&#8211; A jak powinno by? Jakie trzy zasadnicze kwestie wprowadzi\u0142by pan na szczeci\u0144skim dziennikarstwie?<\/p>\n<p>&#8211; Przede wszystkim wyk\u0142adowcy. Dziennikarstwo to jest codzienna praktyka. Do tego zawodu powinni m\u0142odych ludzi przygotowywa\u0107 najlepsi dziennikarze, praktycy, ludzie ze sta\u017cem dwudziestu, trzydziestu lat w zawodzie, i to z osi\u0105gni\u0119ciami. Po drugie \u2013 ograniczy\u0142bym do minimum teori\u0119. Tylko zagadnienia podstawowe. Po\u015bwi\u0119canie ca\u0142ego semestru na gatunki literackie, kt\u00f3rych nie spotyka si\u0119 ju\u017c w praktyce nie ma najmniejszego uzasadnienia. Trzeba o nich powiedzie\u0107, pokaza\u0107, ale to wszystko. Wi\u0119cej czasu po\u015bwi\u0119ci\u0142bym na klasyczny j\u0119zyk polski, na ortografi\u0119 i stylistyk\u0119. Bo z tym jest ogromny problem. I sprawa trzecia \u2013 praktyka. Ja id\u0105c na studia dziennikarskie mia\u0142em nadziej\u0119, \u017ce dostan\u0119 mikrofon i b\u0119d\u0119 m\u00f3g\u0142 co\u015b nagra\u0107, z kim\u015b porozmawia\u0107 albo dostan\u0119 kamer\u0119 lub zwyk\u0142y dyktafon. A jak by\u0142o? Przyszed\u0142 wyk\u0142adowca: to jest mikrofon, on s\u0142u\u017cy do nagrywania, tu jest magnetofon i ta\u015bma, a to jest kamera! Te warsztaty powinni prowadzi\u0107 ludzie z do\u015bwiadczeniem, z praktyk\u0105, a nie teoretycy po politologii.<\/p>\n<p>&#8211; Logika, erystyka, argumentacja, retoryka, zadawanie pyta\u0144, triki i chwyty dziennikarskie w rodzaju \u2013 jak otworzy\u0107 rozm\u00f3wc\u0119?<\/p>\n<p>&#8211; No tak, by\u0142y te elementy, tak\u017ce filozofia. Na pierwszym roku.<\/p>\n<p>&#8211; A umiej\u0119tno\u015b\u0107 wchodzenia w sp\u00f3r z rozm\u00f3wc\u0105?<\/p>\n<p>&#8211; Na moim roku \u2013 nie. Mo\u017ce p\u00f3\u017aniej. Jak wspomnia\u0142em &#8211; ja do ko\u0144ca nie dotrwa\u0142em, bo uzna\u0142em, \u017ce te studia to jest strata czasu a w tym kontek\u015bcie moja decyzja o wyborze akurat kierunku dziennikarskiego by\u0142a &#8211; je\u017celi chodzi o moj\u0105 edukacj\u0119 \u2013 najgorsz\u0105 decyzj\u0105 w moim \u017cyciu. Ju\u017c lepiej by\u0142oby, \u017cebym wybra\u0142 kt\u00f3r\u0105\u015b z filologii. \u00a0Z dziennikarstwa szczeci\u0144skiego przenios\u0142em si\u0119 na dziennikarstwo w Koszalinie. R\u00f3wnie\u017c o tamtym do\u015bwiadczeniu nie mog\u0119 powiedzie\u0107 ani jednego dobrego zdania.<\/p>\n<p>&#8211; Wi\u0119c dlaczego m\u0142odzi ludzie garn\u0105 si\u0119 na te zaj\u0119cia?<\/p>\n<p>&#8211; Tam id\u0105 ci, kt\u00f3rzy nie wiedz\u0105, dok\u0105d p\u00f3j\u015b\u0107. Im si\u0119 wydaje, \u017ce to zaw\u00f3d \u0142atwy, przyjemny, niezbyt wymagaj\u0105cy. Kiedy\u015b funkcjonowa\u0142 w uczelniach podobny w ocenie kierunek, zwi\u0105zany z turystyk\u0105.<\/p>\n<p>&#8211; \u2026 i organizacj\u0105 zaj\u0119\u0107 kulturalnych.<\/p>\n<p>&#8211; \u2026 dok\u0142adnie. Oczywi\u015bcie spotyka\u0142em na tych studiach ludzi, kt\u00f3rzy naprawd\u0119 chcieli si\u0119 tego fachu nauczy\u0107, byli do\u015b\u0107 zdeterminowani, ale wi\u0119kszo\u015bci wydawa\u0142o si\u0119, \u017ce, a co tam, b\u0119d\u0119 jak m\u00f3j idol, taki Kuba Wojew\u00f3dzki, ja te\u017c lubi\u0119 si\u0119 powyg\u0142upia\u0107, pobawi\u0107, po\u015bmia\u0107.<\/p>\n<p>Ja ju\u017c wtedy pracowa\u0142em w prywatnym radiu w Stargardzie. I tam si\u0119 bardzo wiele nauczy\u0142em. Dzwonili do nas ludzie z dziennikarstwa, pytali, czy mog\u0105 przyj\u015b\u0107 na praktyk\u0119. W\u0142a\u015bciciel nie musia\u0142 im p\u0142aci\u0107, a r\u0119ce do pracy zawsze si\u0119 przydawa\u0142y, wi\u0119c przychodzili. Ale to nie by\u0142a inicjatywa uczelni. Musz\u0119 przyzna\u0107, \u017ce praca z nimi to by\u0142a mord\u0119ga, bo to byli ludzie, kt\u00f3rzy no\u2026 nie byli w stanie jednego zdania napisa\u0107 na tyle dobrze, \u017ceby mo\u017cna to by\u0142o zaakceptowa\u0107. \u017beby ono dobrze brzmia\u0142o. Szybko si\u0119 z tych praktyk wycofali\u015bmy, bo takie kwiatki do nas przechodzi\u0142y, \u017ce\u2026<\/p>\n<p>&#8211; Wracam do pytania \u2013 dlaczego ci ludzie garn\u0105 si\u0119 do tego zawodu? Jakie jest ich wyobra\u017cenie o tej profesji?<\/p>\n<p>&#8211; \u00a0Oni nie rozumiej\u0105 zasady piramidy zawodu. Na szczycie jest miejsce tylko dla nielicznych, najlepszych. A im si\u0119 wydawa\u0142o, \u017ce przyjd\u0105, napisz\u0105 taki \u201efelieton\u201d czyli to co im \u015blina przyniesie na j\u0119zyk, i to ju\u017c zostanie wyemitowane. B\u0119dzie mi\u0142o i \u015bmiesznie. Nie dociera\u0142o do nich to, \u017ce za felieton b\u0119d\u0105 w stanie zabra\u0107 si\u0119 za dziesi\u0119\u0107, pi\u0119tna\u015bcie lat. Jak rzeczywi\u015bcie b\u0119d\u0105 mieli co\u015b wa\u017cnego ludziom do powiedzenia. Wielu z tych praktykant\u00f3w prezentowa\u0142o postawy bardzo roszczeniowe. Wobec \u017cycia. P\u00f3jd\u0105 do radia i zostan\u0105 gwiazdami a wszystkie ich wypowiedzi b\u0119d\u0105 cytowane w portalach plotkarskich.<\/p>\n<p>&#8211; Jest pan spokojny o prac\u0119 w zawodzie?<\/p>\n<p>&#8211; Nie. Ja ju\u017c prze\u017cywa\u0142em kilka kryzys\u00f3w\u2026 Na przyk\u0142ad po pracy w Radiu Zet. Rozwa\u017ca\u0142em, czy nie zrezygnowa\u0107 z tej pracy, ale gdzie\u015b jednak tkwi ta pasja i w\u0142a\u015bnie to co\u015b, co mimo tak wielu czarnych stron sk\u0142ania cz\u0142owieka, by zosta\u0142 w tym zawodzie. S\u0105 miejsca lepiej p\u0142atne, mniej stresuj\u0105ce. \u00a0Ale tu codziennie ta robota puszcza do pana oko, zna pan pewnie to uczucie\u2026 \u00a0Podczas pandemii odby\u0142em kilka szkole\u0144 IT. My\u015bl\u0119 o programowaniu. Kto wie\u2026<\/p>\n<p>Wiele si\u0119 ostatnio m\u00f3wi\u0142o \u2013 radio nie ma przysz\u0142o\u015bci. A tu \u2013 z rynku znikaj\u0105 gazety a radio si\u0119 trzyma. Zmienia si\u0119, to fakt. Zaczyna dominowa\u0107 infografika. Jednozdaniowy podpis pod zdj\u0119ciem. I to wszystko. To mnie przera\u017ca. W mojej obecnej pracy, co trzy miesi\u0105ce dostajemy dyspozycje \u2013 mniej s\u0142owa. Badania wykazuj\u0105, \u017ce je\u015bli gadamy \u2013 nikt nas nie s\u0142ucha. Radio musi gra\u0107 muzyk\u0119. Poza tym radia s\u0142uchaj\u0105 ludzie, kt\u00f3rzy wytrzymaj\u0105 przekaz zbudowany z maksymalnie czterech zda\u0144. Je\u015bli przegadujemy \u2013 s\u0142uchacze uciekaj\u0105. Obserwuj\u0119 wsp\u00f3\u0142czesn\u0105 m\u0142odzie\u017c, dzieci, kt\u00f3re nie maj\u0105 pasji czytania, a tylko godzinami ogl\u0105daj\u0105 migaj\u0105ce obrazki. Dziennikarstwo musi uwzgl\u0119dnia\u0107 te procesy.<\/p>\n<p>&#8211; Teraz pracuje pan w Tr\u00f3jce.<\/p>\n<p>&#8211; Bardzo si\u0119 zmieni\u0142a\u2026 Do niedawana sta\u0142ym elementem programu by\u0142y d\u0142u\u017csze formy dziennikarskie. Dzi\u015b wszystko musimy skraca\u0107. Muzyka si\u0119 liczy. W przeciwnym razie gubimy s\u0142uchacza.<\/div>\n<p>Niewiarygodne.<\/p>\n<p>Radio musi si\u0119 mizdrzy\u0107, wystawia\u0107 na sprzeda\u017c swoje wdzi\u0119ki. Kiedy\u015b radio podnosi\u0142o poziom, wy\u0142apywa\u0142o wymagaj\u0105cych s\u0142uchaczy, mia\u0142o ofert\u0119 wyrafinowan\u0105, kszta\u0142c\u0105c\u0105, rozwijaj\u0105c\u0105. Bo byli ludzie, kt\u00f3rzy tak\u0105 ofert\u0119 potrafili przygotowa\u0107, zostali wykszta\u0142ceni, wyedukowani, mieli wizj\u0119 i odpowiednie kwalifikacje, by cel osi\u0105ga\u0107. Dzi\u015b Saudyjczycy chc\u0105 wykupi\u0107 Formel 1. Niewykluczone, \u017ce na tory wy\u015bcigowe wjad\u0105 bolidy ze z\u0142ota. Czy to nadal b\u0119dzie jeszcze sport ekstremalny? Pewne jest, \u017ce w gazetach i mediach elektronicznych \u2013 jeszcze bardziej podniesie si\u0119 temperatura k\u0142\u00f3tni, pysk\u00f3wki, przepychanek, rozr\u00f3b i awantur. Oczywi\u015bcie, politycznych. O Zbawieniu &#8211; czy dzi\u015b kto\u015b jeszcze co\u015b m\u00f3wi? Chyba sklerotycy, kt\u00f3rym nagle si\u0119 co\u015b przypomni. Ca\u0142y \u015bwiat \u017c\u0105da w\u0142adzy, chce dominowa\u0107 nad innymi, urz\u0105dza\u0107 im \u017cycie, czyli \u2013 piek\u0142o. Z klerem w roli g\u0142\u00f3wnej.<\/p>\n<blockquote><p>Dlaczego? Bo kto\u015b, nie tak dawno, przegryz\u0142 gard\u0142o dziennikarzom, przestrzegaj\u0105cym \u015bwiat przed zag\u0142ad\u0105. Ich g\u0142os nie wybrzmia\u0142.<\/p><\/blockquote>\n<p>Na stronie internetowej Uniwersytetu widnieje opinia studenta. Przytaczam j\u0105 w ca\u0142o\u015bci.<\/p>\n<div class=\"sc_infobox sc_infobox_style_regular sc_infobox_closeable margin_left_medium\" style=\"color:black;background-color:F0F8FF;\">Krzysztof<br \/>\n<strong>Dziennikarstwo<\/strong><\/p>\n<p>Bardzo dobrze wspominam studia na US, co prawda w tamtym okresie Kampus na Piast\u00f3w nie by\u0142 wyremontowany i wida\u0107 by\u0142o, \u017ce jest to jeden z najmniej zadbanych kampus\u00f3w US, ale gdy mieli\u015bmy zaj\u0119cia na pozosta\u0142ych wydzia\u0142ach wygl\u0105da\u0142o to dobrze. (Dzi\u015b Kampus jest ju\u017c wyremontowany). Dojazd na uczelnie r\u00f3wnie\u017c by\u0142 bardzo dobry. Akademiki w wysokim standardzie i z bardzo anga\u017cuj\u0105cym si\u0119 w \u017cycie studenckie samorz\u0105dem. Kadra &#8211; jak to na wi\u0119kszo\u015bci Uniwersytet\u00f3w zdarzaj\u0105 si\u0119 i bardzo dobrzy wyk\u0142adowcy i mniej zaanga\u017cowani w proces naukowy. Jednak\u017ce mia\u0142em to szcz\u0119\u015bcie, \u017ce tych drugich u\u015bwiadczy\u0142em bardzo niewielu. Uniwersytety i wykszta\u0142cenie wy\u017csze nie jest i nie mo\u017ce by\u0107 odbierane jako gwarant uzyskania dobrej pracy w zawodzie. To zale\u017cy od wielu czynnik\u00f3w, ale przede wszystkim od cz\u0142owieka. Z mojego roku studi\u00f3w dziennikarskich w zawodzie pracuj\u0119 kilku moich znajomych, cz\u0119\u015b\u0107 w radiostacjach, w telewizjach og\u00f3lnopolskich i lokalnych. Dla mnie praca ta by\u0142a &#8211; powiedzmy &#8211; niesatysfakcjonuj\u0105ca finansowo. Osobi\u015bcie wybra\u0142em inn\u0105 \u015bcie\u017ck\u0119 zawodow\u0105, lepiej p\u0142atn\u0105, dlatego jak ju\u017c wspomnia\u0142em wcze\u015bniej, to zale\u017cy od cz\u0142owieka i tego jak potrafi si\u0119 sprzeda\u0107 na rynku pracy.<\/p>\n<p>15-03-2019<\/div>\n<p>Opinia zach\u0119caj\u0105ca, wr\u0119cz porywaj\u0105ca. Innych nie by\u0142o? Czy te\u017c specjali\u015bci od komunikacji spo\u0142ecznej w uniwersytecie, kszta\u0142c\u0105cy ludzi takich jak Krzysztof z jakich\u015b powod\u00f3w uznali ten wpis za reprezentatywny dla oferty studi\u00f3w? A mo\u017ce nikt tego wpisu z pracownik\u00f3w Dziennikarstwa nie czyta\u0142? O, to, to, to..<\/p>\n<p>Niech zr\u00f3wnowa\u017cy go ten oto cytat ze wspomnie\u0144 pani Niny Andrycz:<\/p>\n<div class=\"sc_infobox sc_infobox_style_regular sc_infobox_closeable margin_left_medium\" style=\"color:black;background-color:F0F8FF;\">\u201e(\u2026) ucz\u0105 nas fachu najwspanialsi arty\u015bci kraju, niezb\u0119dni w swoich teatrach, maj\u0105cy tam mn\u00f3stwo pracy \u2013 mimo to po\u015bwi\u0119caj\u0105 nam tyle cennego czasu. Nie w\u0105tpisz zapewne, \u017ce Ministerstwo nale\u017cycie wynagradza ich trud.<\/p>\n<p>&#8211; To chyba jasne.<\/p>\n<p>\u2013 Mylisz si\u0119. Ich honoraria w szkole s\u0105 symboliczne, wr\u0119cz wprost groteszczkowe.<\/p>\n<p>\u2013 \u017be jak?!<\/p>\n<p>\u2013 Nie przerywaj mi, prowincjuszko! (\u2026) Mo\u017cesz ca\u0142kowicie polega\u0107 na ich zdaniu co do twoich aktorskich mo\u017cliwo\u015bci. B\u0119dziesz oceniona najzupe\u0142niej sprawiedliwie, tak jak my wszyscy do tej pory byli\u015bmy. Mo\u017cesz sp\u0119dzi\u0107 3 lata studi\u00f3w w atmosferze bez \u0142garstwa. W teatrze to si\u0119 nigdy nie zdarzy.<\/p>\n<p><em><span style=\"font-size: 10pt;\">(Nina Andrycz, My rozbrojeni. Tw\u00f3j styl, Warszawa, 1992.<\/span><\/em><\/div>\n<hr \/>\n<p>Co dalej? Ja ju\u017c wiem, napisz\u0119 jutro, mo\u017ce\u00a0 w tym tygodniu. B\u0119dzie lepiej? Obawiam si\u0119, \u017ce nie. Ale &#8211; i to kolejna wa\u017cna cecha warsztatu dziennikarskiego &#8211; <strong>z\u0142udzenia<\/strong>.<\/p>\n<div class=\"sc_infobox sc_infobox_style_info margin_left_large sc_infobox_iconed icon-info\" data-animation=\"animated bounceIn normal\"><\/p>\n<p>&nbsp;<\/p>\n<p>Co na ich temat pisa\u0142 red. Wi\u015blicki w swojej Encyklopedii Podr\u0119cznej? \u017be s\u0105. Przybieraj\u0105 niezwyk\u0142e postaci. S\u0105 podmiotowe i przedmiotowe. Jak Syreny mog\u0105 wodzi\u0107 dziennikarza na pokuszenie. S\u0105 tak logiczne i oczywiste, a do tego okraszone sympati\u0105 do naszego bohatera, \u017ce wy\u0142\u0105czaj\u0105 pozosta\u0142e zmys\u0142y. Jedyny znany mi i skuteczny na nie spos\u00f3b, to nieustanne pobudzanie \u015bwiadomo\u015bci autora gro\u017ab\u0105 mickiewiczowskiego testu na pani\u0105 Twardowsk\u0105.<\/p>\n<p>Jeszcze jedno, b\u0119dzie kwita,<br \/>\nZaraz p\u0119knie moc czartowska;<br \/>\nPatrzaj, oto jest kobi\u00e9ta,<br \/>\nMoja \u017coneczka Twardowska.<\/p>\n<p>Ja na rok u Belzebuba<br \/>\nPrzyjm\u0119 za ciebie mieszkanie,<br \/>\nNiech przez ten rok moja luba<br \/>\nZ tob\u0105 jak z m\u0119\u017cem zostanie.&lt;<\/p>\n<p>Przysi\u0105\u017c jej mi\u0142o\u015b\u0107, szacunek<br \/>\nI pos\u0142usze\u0144stwo bez granic;<br \/>\nZ\u0142amiesz cho\u0107 jeden warunek.<br \/>\nJu\u017c ca\u0142a ugoda za nic.<\/p>\n<p>Dla dziennikarza, kt\u00f3ry cho\u0107 na moment zawierzy swoim przeczuciom, odp\u0119dzi my\u015bl o mo\u017cliwym innym wariancie rozwoju wypadk\u00f3w, ulegaj\u0105c rutynie, lenistwu, &#8222;nosowi&#8221; &#8211; nie piek\u0142o b\u0119dzie kar\u0105. Lecz uroki \u017cyciu u boku pani Twardowskiej. Diab\u0142u, je\u015bli wierzy\u0107 Mickiewiczowi, si\u0119 uda\u0142o<\/p>\n<p>Czmychn\u0105wszy dziurk\u0105 od klucza,<br \/>\nDot\u0105d jak czmycha, tak czmycha.<\/p>\n<p>Dziennikarzowi&#8230; No tak, dziennikarzowi w roku 2023 te\u017c si\u0119 uda. Co wi\u0119cej &#8211; zyska s\u0142aw\u0119 i rozgrzeszenie.<\/p>\n<p>Takie czasy&#8230;<\/p>\n<p>Zwyk\u0142a swo\u0142ocz dzi\u015b jest rycerzem. Miast cnoty broni\u0107 &#8211; jej dzieci &#8211; zamiast siebie &#8211; do piek\u0142a wyprawia.<\/div>\n<p><a href=\"https:\/\/koszur.net\/wp-content\/uploads\/2023\/06\/uniwersytet-odc-3-zludzenia.jpg\"><img decoding=\"async\" class=\"aligncenter size-full wp-image-11732\" src=\"https:\/\/koszur.net\/wp-content\/uploads\/2023\/06\/uniwersytet-odc-3-zludzenia.jpg\" alt=\"\" width=\"1920\" height=\"1440\" srcset=\"https:\/\/koszur.net\/wp-content\/uploads\/2023\/06\/uniwersytet-odc-3-zludzenia.jpg 1920w, https:\/\/koszur.net\/wp-content\/uploads\/2023\/06\/uniwersytet-odc-3-zludzenia-300x225.jpg 300w, https:\/\/koszur.net\/wp-content\/uploads\/2023\/06\/uniwersytet-odc-3-zludzenia-1024x768.jpg 1024w, https:\/\/koszur.net\/wp-content\/uploads\/2023\/06\/uniwersytet-odc-3-zludzenia-768x576.jpg 768w, https:\/\/koszur.net\/wp-content\/uploads\/2023\/06\/uniwersytet-odc-3-zludzenia-1536x1152.jpg 1536w, https:\/\/koszur.net\/wp-content\/uploads\/2023\/06\/uniwersytet-odc-3-zludzenia-650x488.jpg 650w\" sizes=\"(max-width: 1920px) 100vw, 1920px\" \/><\/a><\/p>\n<p>&nbsp;<\/p>\n","protected":false},"excerpt":{"rendered":"<p>UWAGA: To s\u0105 materia\u0142y robocze, dziennikarskie notatki Z tych materia\u0142\u00f3w powstanie pe\u0142ne opracowanie tematu Zapraszam do wsp\u00f3\u0142redagowania Tytu\u0142 za konia! Ten nowy tytu\u0142 musi odzwierciedla\u0107 absurd jaki mi si\u0119 jawi, gdy rozpoznaj\u0119 zasady i regu\u0142y kszta\u0142cenia dziennikarzy w Uniwersytecie Szczeci\u0144skim. \u2026 To znaczy \u2013 zadziwia mnie brak tych zasad i regu\u0142. Przypomn\u0119 \u2013 rozmawiamy o [&hellip;]<\/p>\n","protected":false},"author":990004,"featured_media":11731,"comment_status":"open","ping_status":"open","sticky":false,"template":"","format":"standard","meta":{"footnotes":""},"categories":[395,84],"tags":[397],"class_list":["post-11723","post","type-post","status-publish","format-standard","has-post-thumbnail","hentry","category-redaktor","category-wpis","tag-dziennikarstwo"],"yoast_head":"<!-- This site is optimized with the Yoast SEO plugin v27.4 - https:\/\/yoast.com\/product\/yoast-seo-wordpress\/ -->\n<title>Zamierzch\u0142e czasy czyli... wczoraj? - odc. 03 - Marek Koszur<\/title>\n<meta name=\"robots\" content=\"index, follow, max-snippet:-1, max-image-preview:large, max-video-preview:-1\" \/>\n<link rel=\"canonical\" href=\"https:\/\/koszur.net\/index.php\/2023\/06\/11\/zamierzchle-czasy-czyli-wczoraj-odc-03\/\" \/>\n<meta property=\"og:locale\" content=\"pl_PL\" \/>\n<meta property=\"og:type\" content=\"article\" \/>\n<meta property=\"og:title\" content=\"Zamierzch\u0142e czasy czyli... wczoraj? - odc. 03 - Marek Koszur\" \/>\n<meta property=\"og:description\" content=\"UWAGA: To s\u0105 materia\u0142y robocze, dziennikarskie notatki Z tych materia\u0142\u00f3w powstanie pe\u0142ne opracowanie tematu Zapraszam do wsp\u00f3\u0142redagowania Tytu\u0142 za konia! Ten nowy tytu\u0142 musi odzwierciedla\u0107 absurd jaki mi si\u0119 jawi, gdy rozpoznaj\u0119 zasady i regu\u0142y kszta\u0142cenia dziennikarzy w Uniwersytecie Szczeci\u0144skim. \u2026 To znaczy \u2013 zadziwia mnie brak tych zasad i regu\u0142. Przypomn\u0119 \u2013 rozmawiamy o [&hellip;]\" \/>\n<meta property=\"og:url\" content=\"https:\/\/koszur.net\/index.php\/2023\/06\/11\/zamierzchle-czasy-czyli-wczoraj-odc-03\/\" \/>\n<meta property=\"og:site_name\" content=\"Marek Koszur\" \/>\n<meta property=\"article:published_time\" content=\"2023-06-11T15:26:11+00:00\" \/>\n<meta property=\"article:modified_time\" content=\"2023-06-11T17:14:13+00:00\" \/>\n<meta property=\"og:image\" content=\"https:\/\/koszur.net\/wp-content\/uploads\/2023\/06\/uniwersytet-odc-3-zludzenia-02.jpg\" \/>\n\t<meta property=\"og:image:width\" content=\"1920\" \/>\n\t<meta property=\"og:image:height\" content=\"1440\" \/>\n\t<meta property=\"og:image:type\" content=\"image\/jpeg\" \/>\n<meta name=\"author\" content=\"Marek Koszur\" \/>\n<meta name=\"twitter:card\" content=\"summary_large_image\" \/>\n<meta name=\"twitter:label1\" content=\"Napisane przez\" \/>\n\t<meta name=\"twitter:data1\" content=\"Marek Koszur\" \/>\n\t<meta name=\"twitter:label2\" content=\"Szacowany czas czytania\" \/>\n\t<meta name=\"twitter:data2\" content=\"16 minut\" \/>\n<script type=\"application\/ld+json\" class=\"yoast-schema-graph\">{\"@context\":\"https:\\\/\\\/schema.org\",\"@graph\":[{\"@type\":\"Article\",\"@id\":\"https:\\\/\\\/koszur.net\\\/index.php\\\/2023\\\/06\\\/11\\\/zamierzchle-czasy-czyli-wczoraj-odc-03\\\/#article\",\"isPartOf\":{\"@id\":\"https:\\\/\\\/koszur.net\\\/index.php\\\/2023\\\/06\\\/11\\\/zamierzchle-czasy-czyli-wczoraj-odc-03\\\/\"},\"author\":{\"name\":\"Marek Koszur\",\"@id\":\"https:\\\/\\\/koszur.net\\\/#\\\/schema\\\/person\\\/7b14121b857c4d0757fcdfee081ace92\"},\"headline\":\"Zamierzch\u0142e czasy czyli&#8230; wczoraj? &#8211; odc. 03\",\"datePublished\":\"2023-06-11T15:26:11+00:00\",\"dateModified\":\"2023-06-11T17:14:13+00:00\",\"mainEntityOfPage\":{\"@id\":\"https:\\\/\\\/koszur.net\\\/index.php\\\/2023\\\/06\\\/11\\\/zamierzchle-czasy-czyli-wczoraj-odc-03\\\/\"},\"wordCount\":3165,\"commentCount\":0,\"image\":{\"@id\":\"https:\\\/\\\/koszur.net\\\/index.php\\\/2023\\\/06\\\/11\\\/zamierzchle-czasy-czyli-wczoraj-odc-03\\\/#primaryimage\"},\"thumbnailUrl\":\"https:\\\/\\\/koszur.net\\\/wp-content\\\/uploads\\\/2023\\\/06\\\/uniwersytet-odc-3-zludzenia-02.jpg\",\"keywords\":[\"dziennikarstwo\"],\"articleSection\":[\"Redaktor Szczecinski\",\"Wpis\"],\"inLanguage\":\"pl-PL\",\"potentialAction\":[{\"@type\":\"CommentAction\",\"name\":\"Comment\",\"target\":[\"https:\\\/\\\/koszur.net\\\/index.php\\\/2023\\\/06\\\/11\\\/zamierzchle-czasy-czyli-wczoraj-odc-03\\\/#respond\"]}]},{\"@type\":\"WebPage\",\"@id\":\"https:\\\/\\\/koszur.net\\\/index.php\\\/2023\\\/06\\\/11\\\/zamierzchle-czasy-czyli-wczoraj-odc-03\\\/\",\"url\":\"https:\\\/\\\/koszur.net\\\/index.php\\\/2023\\\/06\\\/11\\\/zamierzchle-czasy-czyli-wczoraj-odc-03\\\/\",\"name\":\"Zamierzch\u0142e czasy czyli... wczoraj? - odc. 03 - Marek Koszur\",\"isPartOf\":{\"@id\":\"https:\\\/\\\/koszur.net\\\/#website\"},\"primaryImageOfPage\":{\"@id\":\"https:\\\/\\\/koszur.net\\\/index.php\\\/2023\\\/06\\\/11\\\/zamierzchle-czasy-czyli-wczoraj-odc-03\\\/#primaryimage\"},\"image\":{\"@id\":\"https:\\\/\\\/koszur.net\\\/index.php\\\/2023\\\/06\\\/11\\\/zamierzchle-czasy-czyli-wczoraj-odc-03\\\/#primaryimage\"},\"thumbnailUrl\":\"https:\\\/\\\/koszur.net\\\/wp-content\\\/uploads\\\/2023\\\/06\\\/uniwersytet-odc-3-zludzenia-02.jpg\",\"datePublished\":\"2023-06-11T15:26:11+00:00\",\"dateModified\":\"2023-06-11T17:14:13+00:00\",\"author\":{\"@id\":\"https:\\\/\\\/koszur.net\\\/#\\\/schema\\\/person\\\/7b14121b857c4d0757fcdfee081ace92\"},\"breadcrumb\":{\"@id\":\"https:\\\/\\\/koszur.net\\\/index.php\\\/2023\\\/06\\\/11\\\/zamierzchle-czasy-czyli-wczoraj-odc-03\\\/#breadcrumb\"},\"inLanguage\":\"pl-PL\",\"potentialAction\":[{\"@type\":\"ReadAction\",\"target\":[\"https:\\\/\\\/koszur.net\\\/index.php\\\/2023\\\/06\\\/11\\\/zamierzchle-czasy-czyli-wczoraj-odc-03\\\/\"]}]},{\"@type\":\"ImageObject\",\"inLanguage\":\"pl-PL\",\"@id\":\"https:\\\/\\\/koszur.net\\\/index.php\\\/2023\\\/06\\\/11\\\/zamierzchle-czasy-czyli-wczoraj-odc-03\\\/#primaryimage\",\"url\":\"https:\\\/\\\/koszur.net\\\/wp-content\\\/uploads\\\/2023\\\/06\\\/uniwersytet-odc-3-zludzenia-02.jpg\",\"contentUrl\":\"https:\\\/\\\/koszur.net\\\/wp-content\\\/uploads\\\/2023\\\/06\\\/uniwersytet-odc-3-zludzenia-02.jpg\",\"width\":1920,\"height\":1440},{\"@type\":\"BreadcrumbList\",\"@id\":\"https:\\\/\\\/koszur.net\\\/index.php\\\/2023\\\/06\\\/11\\\/zamierzchle-czasy-czyli-wczoraj-odc-03\\\/#breadcrumb\",\"itemListElement\":[{\"@type\":\"ListItem\",\"position\":1,\"name\":\"Strona g\u0142\u00f3wna\",\"item\":\"https:\\\/\\\/koszur.net\\\/\"},{\"@type\":\"ListItem\",\"position\":2,\"name\":\"Zamierzch\u0142e czasy czyli&#8230; wczoraj? &#8211; odc. 03\"}]},{\"@type\":\"WebSite\",\"@id\":\"https:\\\/\\\/koszur.net\\\/#website\",\"url\":\"https:\\\/\\\/koszur.net\\\/\",\"name\":\"Marek Koszur\",\"description\":\"\",\"potentialAction\":[{\"@type\":\"SearchAction\",\"target\":{\"@type\":\"EntryPoint\",\"urlTemplate\":\"https:\\\/\\\/koszur.net\\\/?s={search_term_string}\"},\"query-input\":{\"@type\":\"PropertyValueSpecification\",\"valueRequired\":true,\"valueName\":\"search_term_string\"}}],\"inLanguage\":\"pl-PL\"},{\"@type\":\"Person\",\"@id\":\"https:\\\/\\\/koszur.net\\\/#\\\/schema\\\/person\\\/7b14121b857c4d0757fcdfee081ace92\",\"name\":\"Marek Koszur\",\"image\":{\"@type\":\"ImageObject\",\"inLanguage\":\"pl-PL\",\"@id\":\"https:\\\/\\\/secure.gravatar.com\\\/avatar\\\/4bbcfc769b33e2aa8a1808111d73a706de3d36f4ccb0d3ba1fe3c65785cdee72?s=96&d=mm&r=g\",\"url\":\"https:\\\/\\\/secure.gravatar.com\\\/avatar\\\/4bbcfc769b33e2aa8a1808111d73a706de3d36f4ccb0d3ba1fe3c65785cdee72?s=96&d=mm&r=g\",\"contentUrl\":\"https:\\\/\\\/secure.gravatar.com\\\/avatar\\\/4bbcfc769b33e2aa8a1808111d73a706de3d36f4ccb0d3ba1fe3c65785cdee72?s=96&d=mm&r=g\",\"caption\":\"Marek Koszur\"},\"sameAs\":[\"http:\\\/\\\/koszur.net\",\"https:\\\/\\\/pl.wikipedia.org\\\/wiki\\\/Marek_Koszur\"],\"url\":\"https:\\\/\\\/koszur.net\\\/index.php\\\/author\\\/marekk\\\/\"}]}<\/script>\n<!-- \/ Yoast SEO plugin. -->","yoast_head_json":{"title":"Zamierzch\u0142e czasy czyli... wczoraj? - odc. 03 - Marek Koszur","robots":{"index":"index","follow":"follow","max-snippet":"max-snippet:-1","max-image-preview":"max-image-preview:large","max-video-preview":"max-video-preview:-1"},"canonical":"https:\/\/koszur.net\/index.php\/2023\/06\/11\/zamierzchle-czasy-czyli-wczoraj-odc-03\/","og_locale":"pl_PL","og_type":"article","og_title":"Zamierzch\u0142e czasy czyli... wczoraj? - odc. 03 - Marek Koszur","og_description":"UWAGA: To s\u0105 materia\u0142y robocze, dziennikarskie notatki Z tych materia\u0142\u00f3w powstanie pe\u0142ne opracowanie tematu Zapraszam do wsp\u00f3\u0142redagowania Tytu\u0142 za konia! Ten nowy tytu\u0142 musi odzwierciedla\u0107 absurd jaki mi si\u0119 jawi, gdy rozpoznaj\u0119 zasady i regu\u0142y kszta\u0142cenia dziennikarzy w Uniwersytecie Szczeci\u0144skim. \u2026 To znaczy \u2013 zadziwia mnie brak tych zasad i regu\u0142. Przypomn\u0119 \u2013 rozmawiamy o [&hellip;]","og_url":"https:\/\/koszur.net\/index.php\/2023\/06\/11\/zamierzchle-czasy-czyli-wczoraj-odc-03\/","og_site_name":"Marek Koszur","article_published_time":"2023-06-11T15:26:11+00:00","article_modified_time":"2023-06-11T17:14:13+00:00","og_image":[{"width":1920,"height":1440,"url":"https:\/\/koszur.net\/wp-content\/uploads\/2023\/06\/uniwersytet-odc-3-zludzenia-02.jpg","type":"image\/jpeg"}],"author":"Marek Koszur","twitter_card":"summary_large_image","twitter_misc":{"Napisane przez":"Marek Koszur","Szacowany czas czytania":"16 minut"},"schema":{"@context":"https:\/\/schema.org","@graph":[{"@type":"Article","@id":"https:\/\/koszur.net\/index.php\/2023\/06\/11\/zamierzchle-czasy-czyli-wczoraj-odc-03\/#article","isPartOf":{"@id":"https:\/\/koszur.net\/index.php\/2023\/06\/11\/zamierzchle-czasy-czyli-wczoraj-odc-03\/"},"author":{"name":"Marek Koszur","@id":"https:\/\/koszur.net\/#\/schema\/person\/7b14121b857c4d0757fcdfee081ace92"},"headline":"Zamierzch\u0142e czasy czyli&#8230; wczoraj? &#8211; odc. 03","datePublished":"2023-06-11T15:26:11+00:00","dateModified":"2023-06-11T17:14:13+00:00","mainEntityOfPage":{"@id":"https:\/\/koszur.net\/index.php\/2023\/06\/11\/zamierzchle-czasy-czyli-wczoraj-odc-03\/"},"wordCount":3165,"commentCount":0,"image":{"@id":"https:\/\/koszur.net\/index.php\/2023\/06\/11\/zamierzchle-czasy-czyli-wczoraj-odc-03\/#primaryimage"},"thumbnailUrl":"https:\/\/koszur.net\/wp-content\/uploads\/2023\/06\/uniwersytet-odc-3-zludzenia-02.jpg","keywords":["dziennikarstwo"],"articleSection":["Redaktor Szczecinski","Wpis"],"inLanguage":"pl-PL","potentialAction":[{"@type":"CommentAction","name":"Comment","target":["https:\/\/koszur.net\/index.php\/2023\/06\/11\/zamierzchle-czasy-czyli-wczoraj-odc-03\/#respond"]}]},{"@type":"WebPage","@id":"https:\/\/koszur.net\/index.php\/2023\/06\/11\/zamierzchle-czasy-czyli-wczoraj-odc-03\/","url":"https:\/\/koszur.net\/index.php\/2023\/06\/11\/zamierzchle-czasy-czyli-wczoraj-odc-03\/","name":"Zamierzch\u0142e czasy czyli... wczoraj? - odc. 03 - Marek Koszur","isPartOf":{"@id":"https:\/\/koszur.net\/#website"},"primaryImageOfPage":{"@id":"https:\/\/koszur.net\/index.php\/2023\/06\/11\/zamierzchle-czasy-czyli-wczoraj-odc-03\/#primaryimage"},"image":{"@id":"https:\/\/koszur.net\/index.php\/2023\/06\/11\/zamierzchle-czasy-czyli-wczoraj-odc-03\/#primaryimage"},"thumbnailUrl":"https:\/\/koszur.net\/wp-content\/uploads\/2023\/06\/uniwersytet-odc-3-zludzenia-02.jpg","datePublished":"2023-06-11T15:26:11+00:00","dateModified":"2023-06-11T17:14:13+00:00","author":{"@id":"https:\/\/koszur.net\/#\/schema\/person\/7b14121b857c4d0757fcdfee081ace92"},"breadcrumb":{"@id":"https:\/\/koszur.net\/index.php\/2023\/06\/11\/zamierzchle-czasy-czyli-wczoraj-odc-03\/#breadcrumb"},"inLanguage":"pl-PL","potentialAction":[{"@type":"ReadAction","target":["https:\/\/koszur.net\/index.php\/2023\/06\/11\/zamierzchle-czasy-czyli-wczoraj-odc-03\/"]}]},{"@type":"ImageObject","inLanguage":"pl-PL","@id":"https:\/\/koszur.net\/index.php\/2023\/06\/11\/zamierzchle-czasy-czyli-wczoraj-odc-03\/#primaryimage","url":"https:\/\/koszur.net\/wp-content\/uploads\/2023\/06\/uniwersytet-odc-3-zludzenia-02.jpg","contentUrl":"https:\/\/koszur.net\/wp-content\/uploads\/2023\/06\/uniwersytet-odc-3-zludzenia-02.jpg","width":1920,"height":1440},{"@type":"BreadcrumbList","@id":"https:\/\/koszur.net\/index.php\/2023\/06\/11\/zamierzchle-czasy-czyli-wczoraj-odc-03\/#breadcrumb","itemListElement":[{"@type":"ListItem","position":1,"name":"Strona g\u0142\u00f3wna","item":"https:\/\/koszur.net\/"},{"@type":"ListItem","position":2,"name":"Zamierzch\u0142e czasy czyli&#8230; wczoraj? &#8211; odc. 03"}]},{"@type":"WebSite","@id":"https:\/\/koszur.net\/#website","url":"https:\/\/koszur.net\/","name":"Marek Koszur","description":"","potentialAction":[{"@type":"SearchAction","target":{"@type":"EntryPoint","urlTemplate":"https:\/\/koszur.net\/?s={search_term_string}"},"query-input":{"@type":"PropertyValueSpecification","valueRequired":true,"valueName":"search_term_string"}}],"inLanguage":"pl-PL"},{"@type":"Person","@id":"https:\/\/koszur.net\/#\/schema\/person\/7b14121b857c4d0757fcdfee081ace92","name":"Marek Koszur","image":{"@type":"ImageObject","inLanguage":"pl-PL","@id":"https:\/\/secure.gravatar.com\/avatar\/4bbcfc769b33e2aa8a1808111d73a706de3d36f4ccb0d3ba1fe3c65785cdee72?s=96&d=mm&r=g","url":"https:\/\/secure.gravatar.com\/avatar\/4bbcfc769b33e2aa8a1808111d73a706de3d36f4ccb0d3ba1fe3c65785cdee72?s=96&d=mm&r=g","contentUrl":"https:\/\/secure.gravatar.com\/avatar\/4bbcfc769b33e2aa8a1808111d73a706de3d36f4ccb0d3ba1fe3c65785cdee72?s=96&d=mm&r=g","caption":"Marek Koszur"},"sameAs":["http:\/\/koszur.net","https:\/\/pl.wikipedia.org\/wiki\/Marek_Koszur"],"url":"https:\/\/koszur.net\/index.php\/author\/marekk\/"}]}},"_links":{"self":[{"href":"https:\/\/koszur.net\/index.php\/wp-json\/wp\/v2\/posts\/11723","targetHints":{"allow":["GET"]}}],"collection":[{"href":"https:\/\/koszur.net\/index.php\/wp-json\/wp\/v2\/posts"}],"about":[{"href":"https:\/\/koszur.net\/index.php\/wp-json\/wp\/v2\/types\/post"}],"author":[{"embeddable":true,"href":"https:\/\/koszur.net\/index.php\/wp-json\/wp\/v2\/users\/990004"}],"replies":[{"embeddable":true,"href":"https:\/\/koszur.net\/index.php\/wp-json\/wp\/v2\/comments?post=11723"}],"version-history":[{"count":13,"href":"https:\/\/koszur.net\/index.php\/wp-json\/wp\/v2\/posts\/11723\/revisions"}],"predecessor-version":[{"id":11738,"href":"https:\/\/koszur.net\/index.php\/wp-json\/wp\/v2\/posts\/11723\/revisions\/11738"}],"wp:featuredmedia":[{"embeddable":true,"href":"https:\/\/koszur.net\/index.php\/wp-json\/wp\/v2\/media\/11731"}],"wp:attachment":[{"href":"https:\/\/koszur.net\/index.php\/wp-json\/wp\/v2\/media?parent=11723"}],"wp:term":[{"taxonomy":"category","embeddable":true,"href":"https:\/\/koszur.net\/index.php\/wp-json\/wp\/v2\/categories?post=11723"},{"taxonomy":"post_tag","embeddable":true,"href":"https:\/\/koszur.net\/index.php\/wp-json\/wp\/v2\/tags?post=11723"}],"curies":[{"name":"wp","href":"https:\/\/api.w.org\/{rel}","templated":true}]}}