{"id":11258,"date":"2023-03-17T19:26:05","date_gmt":"2023-03-17T18:26:05","guid":{"rendered":"https:\/\/koszur.net\/?p=11258"},"modified":"2023-03-17T19:33:02","modified_gmt":"2023-03-17T18:33:02","slug":"17-marca","status":"publish","type":"post","link":"https:\/\/koszur.net\/index.php\/2023\/03\/17\/17-marca\/","title":{"rendered":"17 marca"},"content":{"rendered":"<hr \/>\n<div class=\"x11i5rnm xat24cr x1mh8g0r x1vvkbs xdj266r x126k92a\">\n<div dir=\"auto\"><strong>RAPORT WO\u0179NEGO z 17 marca 2023 roku <\/strong><strong><br \/>\n<\/strong><\/div>\n<div dir=\"auto\"><\/div>\n<div dir=\"auto\"><strong>Miejsce<\/strong>: Korytarz melancholijny<\/div>\n<div dir=\"auto\"><strong>Osoby<\/strong>:\u00a0\u00a0 Filigranka<\/div>\n<div dir=\"auto\">\u00a0\u00a0\u00a0\u00a0\u00a0\u00a0\u00a0\u00a0\u00a0\u00a0\u00a0\u00a0\u00a0\u00a0\u00a0 Skulisko zaciekawione i &#8230;<\/div>\n<div dir=\"auto\">\u00a0\u00a0\u00a0\u00a0\u00a0\u00a0\u00a0\u00a0\u00a0\u00a0\u00a0\u00a0\u00a0\u00a0\u00a0 Chryzolit<\/div>\n<div dir=\"auto\">\u00a0\u00a0\u00a0\u00a0\u00a0\u00a0\u00a0\u00a0\u00a0\u00a0\u00a0\u00a0\u00a0\u00a0\u00a0 Dwa mu\u015bni\u0119cia<\/div>\n<div dir=\"auto\">\u00a0\u00a0\u00a0\u00a0\u00a0\u00a0\u00a0\u00a0\u00a0\u00a0\u00a0\u00a0\u00a0\u00a0\u00a0 Menel spod sklepu<\/div>\n<div dir=\"auto\">\u00a0\u00a0\u00a0\u00a0\u00a0\u00a0\u00a0\u00a0\u00a0\u00a0\u00a0\u00a0\u00a0\u00a0\u00a0 Zeschn\u0119ty li\u015b\u0107<\/div>\n<div dir=\"auto\"><\/div>\n<\/div>\n<div class=\"x11i5rnm xat24cr x1mh8g0r x1vvkbs xtlvy1s x126k92a\">\n<div dir=\"auto\">i ca\u0142a reszta, r\u00f3wnie wa\u017cna czyli \u2013 nic.<\/div>\n<\/div>\n<hr \/>\n<p>tutaj <a href=\"https:\/\/www.facebook.com\/marek.koszur.9\/videos\/1555881944890351\/\">WERSJA AUDIO<\/a><\/p>\n<hr \/>\n<p>Czy\u017cby? Tak, to zapach\u2026 melancholii. I to jeszcze ze zbior\u00f3w ubieg\u0142orocznych. Zazwyczaj pojawia\u0142a si\u0119 ona w najdalszym zak\u0105tku ogrodu, tam, gdzie tyle letnich, wysuszonych paj\u0119czyn, zesch\u0142ych li\u015bci, i to z kilku poprzednich jesieni. Tam zawsze panuje taki suchy p\u00f3\u0142mrok, a ka\u017cdy podmuch wilgoci jest wch\u0142aniany bezszelestnie, bez otwierania oczu, bez jakiegokolwiek wysi\u0142ku.<\/p>\n<p>Sta\u0142a na \u015brodku Korytarza oparta o koronkow\u0105 parasolk\u0119. Jej r\u0105czka l\u015bni\u0142a biel\u0105 brzozy pe\u0142nej soku, kt\u00f3rego nikomu nie by\u0142a w stanie podarowa\u0107. Bo nikogo wok\u00f3\u0142 niej nie by\u0142o.<\/p>\n<p>Nie, nie p\u0142aka\u0142a. Nie marszczy\u0142a brwi, nie zacina\u0142a warg. Nie. To jedynie taka kwintesencja niewymuszonego smutku w owiewie melancholii.<\/p>\n<p>&#8211; On wszystko psuje. Ka\u017cd\u0105 rado\u015b\u0107 zamienia w kpin\u0119, \u017cart, w stert\u0119 bez\u0142adnie rozrzuconych kart, z kt\u00f3rych mu taki pi\u0119kny domek zbudowa\u0142am.<\/p>\n<p>Skulisko, za kt\u00f3rym troch\u0119 si\u0119 st\u0119skni\u0142em, wysun\u0119\u0142o si\u0119 ze swojego Nigdzie i nie mrugn\u0105wszy powiek\u0105, wpatrywa\u0142o si\u0119 w t\u0119\u2026 filigraneczk\u0119. Ja sam z trudem opanowywa\u0142em wzruszenie, jakie swoj\u0105 osob\u0105 rozsiewa\u0142a. Chcia\u0142bym si\u0119 jej pom\u00f3c, rozwia\u0107 smutek i troski, ale\u2026 by\u0142a taka niedost\u0119pna.<\/p>\n<p>&#8211; Przyszed\u0142 \u2013 g\u0142os mia\u0142 prze\u015bliczny, taki kapi\u0105cokroplowy walerianowy &#8211; z Nie Wiadomo Sk\u0105d. Nie wiem, gdzie to jest. Jak tam jest? Dlaczego tak jest, jak mo\u017cna by\u0142oby s\u0105dzi\u0107 po jego zachowaniu. Da\u0142am mu wszystko. Nie tylko ten pokoik na poddaszu, do kt\u00f3rego wchodzi\u0142o si\u0119 po niezwykle stromych schodach. Nigdy w nim nie by\u0142am. Owszem, przyznam si\u0119, lewie zajrza\u0142am, ale tylko na chwil\u0119, nawet na kr\u00f3cej ni\u017c na chwil\u0119. W saloniku, przy kominku mia\u0142 sw\u00f3j fotel, kilka starych gazet, fajk\u0119, szklaneczk\u0119 cherry, i \u2013 ale ja to robi\u0142am tylko dla niego &#8211; \u00a0na prawym oparciu tego fotela mia\u0142 zawsze taki jeden, malutki, prawie niezauwa\u017calny dotyk mojej skroni. Tak, przysiada\u0142am na tym fotelu i jednym, najwy\u017cej dwoma w\u0142osami ociera\u0142am si\u0119 o\u0144, by nie czu\u0142 si\u0119 w tym miejscu taki samotny. Czyta\u0142em mu, oczywi\u015bcie tylko w moich my\u015blach, wiersze\u2026 Lubi\u0142 to. Siedzia\u0142 w bezruchu, patrzy\u0142 w ogie\u0144, pyka\u0142 fajeczk\u0119, s\u0105czy\u0142 cherry a ja, z boku czyta\u0142am mu Pie\u015b\u0144 o wietrze, Sag\u0119 o dogasaj\u0105cej iskrze, Legend\u0119 ostatniej fali a najcz\u0119\u015bciej \u2013 Lament zaci\u0119tej rz\u0119sy.<\/p>\n<p>Patrzy\u0142em na t\u0119 kobiet\u0119 i na\u2026 Skulisko. Nie wiedzia\u0142em, kt\u00f3re z nich bardziej si\u0119 do siebie upodabnia. Skulisko jakby pierwszy raz pr\u00f3bowa\u0142o wczu\u0107 si\u0119 w spowied\u017a tej kobiety, ona natomiast coraz bardziej traci\u0142a w moich oczach swoj\u0105 wyrazisto\u015b\u0107, stawa\u0142a si\u0119 bli\u017csza nieokre\u015blono\u015bci Skuliska.<\/p>\n<p>&#8211; Nie, nigdy nie rozmawiali\u015bmy. Ani razu. Rozmowa, to wed\u0142ug mnie blisko\u015b\u0107 my\u015bli. On nigdy nie podzieli\u0142 mojego zdania, nie utwierdzi\u0142 mnie w moich s\u0105dach, zawsze lekcewa\u017cy\u0142, o ile w og\u00f3le zdecydowa\u0142 si\u0119 na jak\u0105kolwiek reakcj\u0119 wobec wizji, jakie przed nim roztacza\u0142am. A roztacza\u0142am i roztacza\u0142am, ja s\u0142aba kobieta\u2026<\/p>\n<p>Po tych s\u0142owach obaj ze Skuliskiem jakby\u015bmy drgn\u0119li w gotowo\u015bci by podbiec, uj\u0105\u0107 j\u0105 za r\u0119k\u0119, zapewni\u0107 o naszym wsparciu i pe\u0142nym oddaniu.<\/p>\n<p>Przez chwil\u0119 milczeli\u015bmy. Jedna z my\u015bli, wyra\u017anie to us\u0142ysza\u0142em, odezwa\u0142a si\u0119 do drugiej.<\/p>\n<p>&#8211; Ty, stara, co ona chrzani? Mia\u0142a ch\u0142opa i co? Nigdy do klatki go nie wsadza\u0142a? Co ona, niem\u0105dra jaka\u015b?<\/p>\n<p>&#8211; Gorzej \u2013 szepn\u0119\u0142a druga my\u015bl. &#8211; Moim zdaniem ona w og\u00f3le nie wie, do czego facet s\u0142u\u017cy.<\/p>\n<p>\u017bachn\u0105\u0142em si\u0119, chrz\u0105kn\u0105\u0142em, przerwa\u0142em ten jak\u017ce niestosowny dialog moich my\u015bli. Skulisko momentalnie wyczu\u0142o, \u017ce co\u015b jest nie tak\u2026<\/p>\n<p>&#8211; Ja m\u00f3wi\u0119 do niego: nieba ci uchyl\u0119, a on \u2013 nie da si\u0119. \u015apiewa\u0107 ci b\u0119d\u0119 \u2013 nie umiesz. Faworki usma\u017c\u0119 \u2013 za t\u0142uste. K\u0105piel przygotuj\u0119 \u2013 my\u0142em si\u0119 wczoraj. Chusteczk\u0119 wyhaftuj\u0119 \u2013 e, obejdzie si\u0119. List napisz\u0119 \u2013 kto by go czyta\u0142? Pog\u0142aszcz\u0119 \u2013 bez \u0142aski.<\/p>\n<p>No, twardy go\u015b\u0107. Mo\u017ce to drwal z Grenladnii albo skoczek narciarski z Sudanu? Hm\u2026 Ekstremi\u015bci! Najbardziej pasuje mi do Menela Spod Sklepu. M\u0119\u017cczy\u017ani maj\u0105 taki do\u015b\u0107 powszechny feler. S\u0105 nieczuli. To znaczy poziom progowy bod\u017ac\u00f3w, jakie ewentualnie mog\u0142yby pobudzi\u0107 w nich jakie\u015b wy\u017csze registry \u2013 jest uniesiony strasznie wysoko. Zazwyczaj, niestety, nawet ponad ich g\u0142owy. No, taki feler gatunkowy.<\/p>\n<p>Pyta\u0142em zaprzyja\u017anionego doktora, specjalist\u0119 od ca\u0142kiem innych zagadnie\u0144.<\/p>\n<p>&#8211; Niech no tylko si\u0119 taki lekko skaleczy, albo kaszlnie lub dostanie czkawki\u2026 Od razu zaczyna umiera\u0107. I wtedy budz\u0105 si\u0119 w nim instynkty samouczuciowe. Wymaga troski, czu\u0142o\u015bci, otwiera si\u0119 na nie, ale jak w tym samym czasie jego ulubiona dru\u017cyna straci bramk\u0119 \u2013 on wpada w stan \u015bmierci klinicznej po czym dostaje sza\u0142u a uspokoi\u0107 go mo\u017ce jedynie dobrze upieczona golonka. M\u0119\u017cczyzna nie jest konstrukcj\u0105 zawi\u0142\u0105, nie wymaga specjalnych kwalifikacji potrzebnych do obs\u0142ugi cho\u0107by betoniarki czy pi\u0142y tarczowej. Nie, on jest prosty i bezpo\u015bredni. Masz, we\u017a, daj, podaj, unie\u015b\u0107, opu\u015b\u0107, przesu\u0144\u2026 Prawda?<\/p>\n<p>Nie wypada\u0142o mi si\u0119 nie zgodzi\u0107 z autorytetem w ca\u0142kiem innej sprawie, ale natywnie czu\u0142em pewien op\u00f3r wobec takiej, tak\u017ce w jakim\u015b sensie mojej charakterystyki. No bo zrekapitulujmy, jak to tam lecia\u0142o? Umhu, mhumu, muhu, umhu\u2026 No, tak. Zgadza si\u0119. Wszystko ze mn\u0105 w normie. Parametry wr\u0119cz wzorcowe. A brania jako\u015b jak nie by\u0142o, tak nie ma.<\/p>\n<p>Skulisko, wydaje mi si\u0119, r\u00f3wnie\u017c robi\u0142o ma\u0142\u0105 wiwisekcj\u0119. Odnios\u0142em wra\u017cenie, \u017ce jakby podrapa\u0142o si\u0119 po g\u0142owie, kt\u00f3r\u0105 nie wiem, czy ma?<\/p>\n<p>Dama cierpliwe odczeka\u0142a, nie ingerowa\u0142a w nasze ze Skuliskiem i innymi specjalistami odbywane konsultacje.<\/p>\n<p>&#8211; Gdyby tylko on chcia\u0142, gdyby pozwoli\u0142 mi na moment wprowadzi\u0107 go do mojego \u015bwiata, kt\u00f3ry ca\u0142y odda\u0142abym mu w\u0142\u0105cznie z obecn\u0105 tu, czuj\u0105c\u0105 na ciele i duszy obywatelk\u0105 \u017ce\u0144sk\u0105, czyli mn\u0105, gdyby wi\u0119c zechcia\u0142\u2026 Ale nie \u2013 osio\u0142 uparty i dr\u0105g nieostrugany ca\u0142kowicie mnie ignorowa\u0142. Ja mu dwa doda\u0142am do dw\u00f3ch w taki spos\u00f3b, \u017ceby by\u0142o w sumie takie cztery i trzy czwarte. Co\u015b pi\u0119knego mi wysz\u0142o. A on \u2013 dwa i dwa to cztery. No kto by si\u0119 nie za\u0142ama\u0142? No, kto?<\/p>\n<p>Pokiwa\u0142em g\u0142ow\u0105, daj\u0105c znak, \u017ce ja nie, nie za\u0142ama\u0142bym si\u0119. Skulisko chyba te\u017c zamanifestowa\u0142o jaki\u015b gest, ale nie by\u0142em w stanie oderwa\u0107 wzroku od cierpienia, kt\u00f3re trawi\u0142o pi\u0119kn\u0105 twarz owej nieznajomej.<\/p>\n<p>&#8211; A jeden raz, podesz\u0142am tak nieoczekiwanie, przykucn\u0119\u0142am u jego wezg\u0142owia i najciszej jak umia\u0142am\u2026 zanuci\u0142a ko\u0142ysank\u0119. Zerwa\u0142 si\u0119 mato\u0142 na r\u00f3wne nogi: czemu wrzeszczysz mi nad uchem, ciszej nie umiesz, albo lepiej w og\u00f3le. Przecie\u017c ty nie umiesz \u015bpiewa\u0107\u2026<\/p>\n<p>Innym razem posz\u0142am do fotografa. Zanios\u0142am nasze dwa zdj\u0119cia, aby zrobi\u0142 z nich taki mi\u0142y portrecik. Z go\u0142\u0105bkiem w tle, dwiema topolami w oddali. Po kilku dniach fotograf odda\u0142 mi zdj\u0119cia. No, m\u00f3wi, nie da\u0142em rady. Pani wzrok bez problemy ustawi\u0142em tak by by\u0142 wpatrzony w niego, ale jego oczu nie da\u0142o si\u0119 nagi\u0105\u0107. To lewe, niestety, chyba lekko p\u0119k\u0142o u podstawy. Wida\u0107, funkcja spostrzegawczo\u015bci u tego pana&#8230; jest albo nie wykszta\u0142cona albo zupe\u0142nie przekszta\u0142cona.<\/p>\n<p>Wolno zak\u0142ada\u0142a koronkow\u0105 r\u0119kawiczk\u0119, kt\u00f3ra haczy\u0142a o gustowny pier\u015bcionek z chryzolitem. Bardzo pasowa\u0142 do jej piaskowych w\u0142os\u00f3w, niebie\u015bciutkich ocz\u0105t, malusie\u0144kich do\u0142eczk\u00f3w na policzkach. Bo\u017ce, jaka ona by\u0142a kremowa, no zliza\u0142by cz\u0142owiek jednym mla\u015bni\u0119ciem, jak ropuch much\u0119. Pono\u0107 w tym \u015brodowisku g\u0142o\u015bne prze\u0142kni\u0119cie jest najwy\u017cej cenionym gestem dobrego zachowania.<\/p>\n<p>Spojrzeli\u015bmy na siebie raz jeszcze. Te jej oczy nadal prosi\u0142y o pomoc, moje \u2013 pozostawa\u0142y bezradne. Bo c\u00f3\u017c mo\u017cna pocz\u0105\u0107, je\u015bli rzeka p\u0142ynie w stron\u0119 przeciwn\u0105 ni\u017c biegnie jej koryto?<\/p>\n<p>Na pod\u0142odze, tam, z lewej strony dostrzeg\u0142em zaschni\u0119ty li\u015b\u0107 klonu. Schyli\u0142em si\u0119, aby go podnie\u015b\u0107 i odda\u0107\u2026 Ale, hm\u2026 tej pani ju\u017c tu nie by\u0142o. Pozosta\u0142 tylko li\u015b\u0107 i ten tak przeze mnie uwielbiany zapach\u2026 melancholii.<\/p>\n<p><a href=\"https:\/\/koszur.net\/wp-content\/uploads\/2023\/03\/wozny-17-03-2023-zapach-melancholiiB.jpg\"><img decoding=\"async\" class=\"aligncenter size-full wp-image-11259\" src=\"https:\/\/koszur.net\/wp-content\/uploads\/2023\/03\/wozny-17-03-2023-zapach-melancholiiB.jpg\" alt=\"\" width=\"1920\" height=\"1080\" srcset=\"https:\/\/koszur.net\/wp-content\/uploads\/2023\/03\/wozny-17-03-2023-zapach-melancholiiB.jpg 1920w, https:\/\/koszur.net\/wp-content\/uploads\/2023\/03\/wozny-17-03-2023-zapach-melancholiiB-300x169.jpg 300w, https:\/\/koszur.net\/wp-content\/uploads\/2023\/03\/wozny-17-03-2023-zapach-melancholiiB-1024x576.jpg 1024w, https:\/\/koszur.net\/wp-content\/uploads\/2023\/03\/wozny-17-03-2023-zapach-melancholiiB-768x432.jpg 768w, https:\/\/koszur.net\/wp-content\/uploads\/2023\/03\/wozny-17-03-2023-zapach-melancholiiB-1536x864.jpg 1536w, https:\/\/koszur.net\/wp-content\/uploads\/2023\/03\/wozny-17-03-2023-zapach-melancholiiB-650x366.jpg 650w\" sizes=\"(max-width: 1920px) 100vw, 1920px\" \/><\/a><\/p>\n","protected":false},"excerpt":{"rendered":"<p>RAPORT WO\u0179NEGO z 17 marca 2023 roku Miejsce: Korytarz melancholijny Osoby:\u00a0\u00a0 Filigranka \u00a0\u00a0\u00a0\u00a0\u00a0\u00a0\u00a0\u00a0\u00a0\u00a0\u00a0\u00a0\u00a0\u00a0\u00a0 Skulisko zaciekawione i &#8230; \u00a0\u00a0\u00a0\u00a0\u00a0\u00a0\u00a0\u00a0\u00a0\u00a0\u00a0\u00a0\u00a0\u00a0\u00a0 Chryzolit \u00a0\u00a0\u00a0\u00a0\u00a0\u00a0\u00a0\u00a0\u00a0\u00a0\u00a0\u00a0\u00a0\u00a0\u00a0 Dwa mu\u015bni\u0119cia \u00a0\u00a0\u00a0\u00a0\u00a0\u00a0\u00a0\u00a0\u00a0\u00a0\u00a0\u00a0\u00a0\u00a0\u00a0 Menel spod sklepu \u00a0\u00a0\u00a0\u00a0\u00a0\u00a0\u00a0\u00a0\u00a0\u00a0\u00a0\u00a0\u00a0\u00a0\u00a0 Zeschn\u0119ty li\u015b\u0107 i ca\u0142a reszta, r\u00f3wnie wa\u017cna czyli \u2013 nic. tutaj WERSJA AUDIO Czy\u017cby? Tak, to zapach\u2026 melancholii. I to jeszcze ze zbior\u00f3w ubieg\u0142orocznych. Zazwyczaj pojawia\u0142a si\u0119 ona [&hellip;]<\/p>\n","protected":false},"author":990004,"featured_media":11260,"comment_status":"open","ping_status":"open","sticky":false,"template":"","format":"standard","meta":{"footnotes":""},"categories":[383],"tags":[379],"class_list":["post-11258","post","type-post","status-publish","format-standard","has-post-thumbnail","hentry","category-wozny03","tag-wozny"],"yoast_head":"<!-- This site is optimized with the Yoast SEO plugin v27.4 - https:\/\/yoast.com\/product\/yoast-seo-wordpress\/ -->\n<title>17 marca - Marek Koszur<\/title>\n<meta name=\"robots\" content=\"index, follow, max-snippet:-1, max-image-preview:large, max-video-preview:-1\" \/>\n<link rel=\"canonical\" href=\"https:\/\/koszur.net\/index.php\/2023\/03\/17\/17-marca\/\" \/>\n<meta property=\"og:locale\" content=\"pl_PL\" \/>\n<meta property=\"og:type\" content=\"article\" \/>\n<meta property=\"og:title\" content=\"17 marca - Marek Koszur\" \/>\n<meta property=\"og:description\" content=\"RAPORT WO\u0179NEGO z 17 marca 2023 roku Miejsce: Korytarz melancholijny Osoby:\u00a0\u00a0 Filigranka \u00a0\u00a0\u00a0\u00a0\u00a0\u00a0\u00a0\u00a0\u00a0\u00a0\u00a0\u00a0\u00a0\u00a0\u00a0 Skulisko zaciekawione i &#8230; \u00a0\u00a0\u00a0\u00a0\u00a0\u00a0\u00a0\u00a0\u00a0\u00a0\u00a0\u00a0\u00a0\u00a0\u00a0 Chryzolit \u00a0\u00a0\u00a0\u00a0\u00a0\u00a0\u00a0\u00a0\u00a0\u00a0\u00a0\u00a0\u00a0\u00a0\u00a0 Dwa mu\u015bni\u0119cia \u00a0\u00a0\u00a0\u00a0\u00a0\u00a0\u00a0\u00a0\u00a0\u00a0\u00a0\u00a0\u00a0\u00a0\u00a0 Menel spod sklepu \u00a0\u00a0\u00a0\u00a0\u00a0\u00a0\u00a0\u00a0\u00a0\u00a0\u00a0\u00a0\u00a0\u00a0\u00a0 Zeschn\u0119ty li\u015b\u0107 i ca\u0142a reszta, r\u00f3wnie wa\u017cna czyli \u2013 nic. tutaj WERSJA AUDIO Czy\u017cby? Tak, to zapach\u2026 melancholii. I to jeszcze ze zbior\u00f3w ubieg\u0142orocznych. Zazwyczaj pojawia\u0142a si\u0119 ona [&hellip;]\" \/>\n<meta property=\"og:url\" content=\"https:\/\/koszur.net\/index.php\/2023\/03\/17\/17-marca\/\" \/>\n<meta property=\"og:site_name\" content=\"Marek Koszur\" \/>\n<meta property=\"article:published_time\" content=\"2023-03-17T18:26:05+00:00\" \/>\n<meta property=\"article:modified_time\" content=\"2023-03-17T18:33:02+00:00\" \/>\n<meta property=\"og:image\" content=\"https:\/\/koszur.net\/wp-content\/uploads\/2023\/03\/wozny-17-03-2023-zapach-melancholii-A.jpg\" \/>\n\t<meta property=\"og:image:width\" content=\"1920\" \/>\n\t<meta property=\"og:image:height\" content=\"1080\" \/>\n\t<meta property=\"og:image:type\" content=\"image\/jpeg\" \/>\n<meta name=\"author\" content=\"Marek Koszur\" \/>\n<meta name=\"twitter:card\" content=\"summary_large_image\" \/>\n<meta name=\"twitter:label1\" content=\"Napisane przez\" \/>\n\t<meta name=\"twitter:data1\" content=\"Marek Koszur\" \/>\n\t<meta name=\"twitter:label2\" content=\"Szacowany czas czytania\" \/>\n\t<meta name=\"twitter:data2\" content=\"7 minut\" \/>\n<script type=\"application\/ld+json\" class=\"yoast-schema-graph\">{\"@context\":\"https:\\\/\\\/schema.org\",\"@graph\":[{\"@type\":\"Article\",\"@id\":\"https:\\\/\\\/koszur.net\\\/index.php\\\/2023\\\/03\\\/17\\\/17-marca\\\/#article\",\"isPartOf\":{\"@id\":\"https:\\\/\\\/koszur.net\\\/index.php\\\/2023\\\/03\\\/17\\\/17-marca\\\/\"},\"author\":{\"name\":\"Marek Koszur\",\"@id\":\"https:\\\/\\\/koszur.net\\\/#\\\/schema\\\/person\\\/7b14121b857c4d0757fcdfee081ace92\"},\"headline\":\"17 marca\",\"datePublished\":\"2023-03-17T18:26:05+00:00\",\"dateModified\":\"2023-03-17T18:33:02+00:00\",\"mainEntityOfPage\":{\"@id\":\"https:\\\/\\\/koszur.net\\\/index.php\\\/2023\\\/03\\\/17\\\/17-marca\\\/\"},\"wordCount\":1434,\"commentCount\":0,\"image\":{\"@id\":\"https:\\\/\\\/koszur.net\\\/index.php\\\/2023\\\/03\\\/17\\\/17-marca\\\/#primaryimage\"},\"thumbnailUrl\":\"https:\\\/\\\/koszur.net\\\/wp-content\\\/uploads\\\/2023\\\/03\\\/wozny-17-03-2023-zapach-melancholii-A.jpg\",\"keywords\":[\"wozny\"],\"articleSection\":[\"wozny03\"],\"inLanguage\":\"pl-PL\",\"potentialAction\":[{\"@type\":\"CommentAction\",\"name\":\"Comment\",\"target\":[\"https:\\\/\\\/koszur.net\\\/index.php\\\/2023\\\/03\\\/17\\\/17-marca\\\/#respond\"]}]},{\"@type\":\"WebPage\",\"@id\":\"https:\\\/\\\/koszur.net\\\/index.php\\\/2023\\\/03\\\/17\\\/17-marca\\\/\",\"url\":\"https:\\\/\\\/koszur.net\\\/index.php\\\/2023\\\/03\\\/17\\\/17-marca\\\/\",\"name\":\"17 marca - Marek Koszur\",\"isPartOf\":{\"@id\":\"https:\\\/\\\/koszur.net\\\/#website\"},\"primaryImageOfPage\":{\"@id\":\"https:\\\/\\\/koszur.net\\\/index.php\\\/2023\\\/03\\\/17\\\/17-marca\\\/#primaryimage\"},\"image\":{\"@id\":\"https:\\\/\\\/koszur.net\\\/index.php\\\/2023\\\/03\\\/17\\\/17-marca\\\/#primaryimage\"},\"thumbnailUrl\":\"https:\\\/\\\/koszur.net\\\/wp-content\\\/uploads\\\/2023\\\/03\\\/wozny-17-03-2023-zapach-melancholii-A.jpg\",\"datePublished\":\"2023-03-17T18:26:05+00:00\",\"dateModified\":\"2023-03-17T18:33:02+00:00\",\"author\":{\"@id\":\"https:\\\/\\\/koszur.net\\\/#\\\/schema\\\/person\\\/7b14121b857c4d0757fcdfee081ace92\"},\"breadcrumb\":{\"@id\":\"https:\\\/\\\/koszur.net\\\/index.php\\\/2023\\\/03\\\/17\\\/17-marca\\\/#breadcrumb\"},\"inLanguage\":\"pl-PL\",\"potentialAction\":[{\"@type\":\"ReadAction\",\"target\":[\"https:\\\/\\\/koszur.net\\\/index.php\\\/2023\\\/03\\\/17\\\/17-marca\\\/\"]}]},{\"@type\":\"ImageObject\",\"inLanguage\":\"pl-PL\",\"@id\":\"https:\\\/\\\/koszur.net\\\/index.php\\\/2023\\\/03\\\/17\\\/17-marca\\\/#primaryimage\",\"url\":\"https:\\\/\\\/koszur.net\\\/wp-content\\\/uploads\\\/2023\\\/03\\\/wozny-17-03-2023-zapach-melancholii-A.jpg\",\"contentUrl\":\"https:\\\/\\\/koszur.net\\\/wp-content\\\/uploads\\\/2023\\\/03\\\/wozny-17-03-2023-zapach-melancholii-A.jpg\",\"width\":1920,\"height\":1080},{\"@type\":\"BreadcrumbList\",\"@id\":\"https:\\\/\\\/koszur.net\\\/index.php\\\/2023\\\/03\\\/17\\\/17-marca\\\/#breadcrumb\",\"itemListElement\":[{\"@type\":\"ListItem\",\"position\":1,\"name\":\"Strona g\u0142\u00f3wna\",\"item\":\"https:\\\/\\\/koszur.net\\\/\"},{\"@type\":\"ListItem\",\"position\":2,\"name\":\"17 marca\"}]},{\"@type\":\"WebSite\",\"@id\":\"https:\\\/\\\/koszur.net\\\/#website\",\"url\":\"https:\\\/\\\/koszur.net\\\/\",\"name\":\"Marek Koszur\",\"description\":\"\",\"potentialAction\":[{\"@type\":\"SearchAction\",\"target\":{\"@type\":\"EntryPoint\",\"urlTemplate\":\"https:\\\/\\\/koszur.net\\\/?s={search_term_string}\"},\"query-input\":{\"@type\":\"PropertyValueSpecification\",\"valueRequired\":true,\"valueName\":\"search_term_string\"}}],\"inLanguage\":\"pl-PL\"},{\"@type\":\"Person\",\"@id\":\"https:\\\/\\\/koszur.net\\\/#\\\/schema\\\/person\\\/7b14121b857c4d0757fcdfee081ace92\",\"name\":\"Marek Koszur\",\"image\":{\"@type\":\"ImageObject\",\"inLanguage\":\"pl-PL\",\"@id\":\"https:\\\/\\\/secure.gravatar.com\\\/avatar\\\/4bbcfc769b33e2aa8a1808111d73a706de3d36f4ccb0d3ba1fe3c65785cdee72?s=96&d=mm&r=g\",\"url\":\"https:\\\/\\\/secure.gravatar.com\\\/avatar\\\/4bbcfc769b33e2aa8a1808111d73a706de3d36f4ccb0d3ba1fe3c65785cdee72?s=96&d=mm&r=g\",\"contentUrl\":\"https:\\\/\\\/secure.gravatar.com\\\/avatar\\\/4bbcfc769b33e2aa8a1808111d73a706de3d36f4ccb0d3ba1fe3c65785cdee72?s=96&d=mm&r=g\",\"caption\":\"Marek Koszur\"},\"sameAs\":[\"http:\\\/\\\/koszur.net\",\"https:\\\/\\\/pl.wikipedia.org\\\/wiki\\\/Marek_Koszur\"],\"url\":\"https:\\\/\\\/koszur.net\\\/index.php\\\/author\\\/marekk\\\/\"}]}<\/script>\n<!-- \/ Yoast SEO plugin. -->","yoast_head_json":{"title":"17 marca - Marek Koszur","robots":{"index":"index","follow":"follow","max-snippet":"max-snippet:-1","max-image-preview":"max-image-preview:large","max-video-preview":"max-video-preview:-1"},"canonical":"https:\/\/koszur.net\/index.php\/2023\/03\/17\/17-marca\/","og_locale":"pl_PL","og_type":"article","og_title":"17 marca - Marek Koszur","og_description":"RAPORT WO\u0179NEGO z 17 marca 2023 roku Miejsce: Korytarz melancholijny Osoby:\u00a0\u00a0 Filigranka \u00a0\u00a0\u00a0\u00a0\u00a0\u00a0\u00a0\u00a0\u00a0\u00a0\u00a0\u00a0\u00a0\u00a0\u00a0 Skulisko zaciekawione i &#8230; \u00a0\u00a0\u00a0\u00a0\u00a0\u00a0\u00a0\u00a0\u00a0\u00a0\u00a0\u00a0\u00a0\u00a0\u00a0 Chryzolit \u00a0\u00a0\u00a0\u00a0\u00a0\u00a0\u00a0\u00a0\u00a0\u00a0\u00a0\u00a0\u00a0\u00a0\u00a0 Dwa mu\u015bni\u0119cia \u00a0\u00a0\u00a0\u00a0\u00a0\u00a0\u00a0\u00a0\u00a0\u00a0\u00a0\u00a0\u00a0\u00a0\u00a0 Menel spod sklepu \u00a0\u00a0\u00a0\u00a0\u00a0\u00a0\u00a0\u00a0\u00a0\u00a0\u00a0\u00a0\u00a0\u00a0\u00a0 Zeschn\u0119ty li\u015b\u0107 i ca\u0142a reszta, r\u00f3wnie wa\u017cna czyli \u2013 nic. tutaj WERSJA AUDIO Czy\u017cby? Tak, to zapach\u2026 melancholii. I to jeszcze ze zbior\u00f3w ubieg\u0142orocznych. Zazwyczaj pojawia\u0142a si\u0119 ona [&hellip;]","og_url":"https:\/\/koszur.net\/index.php\/2023\/03\/17\/17-marca\/","og_site_name":"Marek Koszur","article_published_time":"2023-03-17T18:26:05+00:00","article_modified_time":"2023-03-17T18:33:02+00:00","og_image":[{"width":1920,"height":1080,"url":"https:\/\/koszur.net\/wp-content\/uploads\/2023\/03\/wozny-17-03-2023-zapach-melancholii-A.jpg","type":"image\/jpeg"}],"author":"Marek Koszur","twitter_card":"summary_large_image","twitter_misc":{"Napisane przez":"Marek Koszur","Szacowany czas czytania":"7 minut"},"schema":{"@context":"https:\/\/schema.org","@graph":[{"@type":"Article","@id":"https:\/\/koszur.net\/index.php\/2023\/03\/17\/17-marca\/#article","isPartOf":{"@id":"https:\/\/koszur.net\/index.php\/2023\/03\/17\/17-marca\/"},"author":{"name":"Marek Koszur","@id":"https:\/\/koszur.net\/#\/schema\/person\/7b14121b857c4d0757fcdfee081ace92"},"headline":"17 marca","datePublished":"2023-03-17T18:26:05+00:00","dateModified":"2023-03-17T18:33:02+00:00","mainEntityOfPage":{"@id":"https:\/\/koszur.net\/index.php\/2023\/03\/17\/17-marca\/"},"wordCount":1434,"commentCount":0,"image":{"@id":"https:\/\/koszur.net\/index.php\/2023\/03\/17\/17-marca\/#primaryimage"},"thumbnailUrl":"https:\/\/koszur.net\/wp-content\/uploads\/2023\/03\/wozny-17-03-2023-zapach-melancholii-A.jpg","keywords":["wozny"],"articleSection":["wozny03"],"inLanguage":"pl-PL","potentialAction":[{"@type":"CommentAction","name":"Comment","target":["https:\/\/koszur.net\/index.php\/2023\/03\/17\/17-marca\/#respond"]}]},{"@type":"WebPage","@id":"https:\/\/koszur.net\/index.php\/2023\/03\/17\/17-marca\/","url":"https:\/\/koszur.net\/index.php\/2023\/03\/17\/17-marca\/","name":"17 marca - Marek Koszur","isPartOf":{"@id":"https:\/\/koszur.net\/#website"},"primaryImageOfPage":{"@id":"https:\/\/koszur.net\/index.php\/2023\/03\/17\/17-marca\/#primaryimage"},"image":{"@id":"https:\/\/koszur.net\/index.php\/2023\/03\/17\/17-marca\/#primaryimage"},"thumbnailUrl":"https:\/\/koszur.net\/wp-content\/uploads\/2023\/03\/wozny-17-03-2023-zapach-melancholii-A.jpg","datePublished":"2023-03-17T18:26:05+00:00","dateModified":"2023-03-17T18:33:02+00:00","author":{"@id":"https:\/\/koszur.net\/#\/schema\/person\/7b14121b857c4d0757fcdfee081ace92"},"breadcrumb":{"@id":"https:\/\/koszur.net\/index.php\/2023\/03\/17\/17-marca\/#breadcrumb"},"inLanguage":"pl-PL","potentialAction":[{"@type":"ReadAction","target":["https:\/\/koszur.net\/index.php\/2023\/03\/17\/17-marca\/"]}]},{"@type":"ImageObject","inLanguage":"pl-PL","@id":"https:\/\/koszur.net\/index.php\/2023\/03\/17\/17-marca\/#primaryimage","url":"https:\/\/koszur.net\/wp-content\/uploads\/2023\/03\/wozny-17-03-2023-zapach-melancholii-A.jpg","contentUrl":"https:\/\/koszur.net\/wp-content\/uploads\/2023\/03\/wozny-17-03-2023-zapach-melancholii-A.jpg","width":1920,"height":1080},{"@type":"BreadcrumbList","@id":"https:\/\/koszur.net\/index.php\/2023\/03\/17\/17-marca\/#breadcrumb","itemListElement":[{"@type":"ListItem","position":1,"name":"Strona g\u0142\u00f3wna","item":"https:\/\/koszur.net\/"},{"@type":"ListItem","position":2,"name":"17 marca"}]},{"@type":"WebSite","@id":"https:\/\/koszur.net\/#website","url":"https:\/\/koszur.net\/","name":"Marek Koszur","description":"","potentialAction":[{"@type":"SearchAction","target":{"@type":"EntryPoint","urlTemplate":"https:\/\/koszur.net\/?s={search_term_string}"},"query-input":{"@type":"PropertyValueSpecification","valueRequired":true,"valueName":"search_term_string"}}],"inLanguage":"pl-PL"},{"@type":"Person","@id":"https:\/\/koszur.net\/#\/schema\/person\/7b14121b857c4d0757fcdfee081ace92","name":"Marek Koszur","image":{"@type":"ImageObject","inLanguage":"pl-PL","@id":"https:\/\/secure.gravatar.com\/avatar\/4bbcfc769b33e2aa8a1808111d73a706de3d36f4ccb0d3ba1fe3c65785cdee72?s=96&d=mm&r=g","url":"https:\/\/secure.gravatar.com\/avatar\/4bbcfc769b33e2aa8a1808111d73a706de3d36f4ccb0d3ba1fe3c65785cdee72?s=96&d=mm&r=g","contentUrl":"https:\/\/secure.gravatar.com\/avatar\/4bbcfc769b33e2aa8a1808111d73a706de3d36f4ccb0d3ba1fe3c65785cdee72?s=96&d=mm&r=g","caption":"Marek Koszur"},"sameAs":["http:\/\/koszur.net","https:\/\/pl.wikipedia.org\/wiki\/Marek_Koszur"],"url":"https:\/\/koszur.net\/index.php\/author\/marekk\/"}]}},"_links":{"self":[{"href":"https:\/\/koszur.net\/index.php\/wp-json\/wp\/v2\/posts\/11258","targetHints":{"allow":["GET"]}}],"collection":[{"href":"https:\/\/koszur.net\/index.php\/wp-json\/wp\/v2\/posts"}],"about":[{"href":"https:\/\/koszur.net\/index.php\/wp-json\/wp\/v2\/types\/post"}],"author":[{"embeddable":true,"href":"https:\/\/koszur.net\/index.php\/wp-json\/wp\/v2\/users\/990004"}],"replies":[{"embeddable":true,"href":"https:\/\/koszur.net\/index.php\/wp-json\/wp\/v2\/comments?post=11258"}],"version-history":[{"count":4,"href":"https:\/\/koszur.net\/index.php\/wp-json\/wp\/v2\/posts\/11258\/revisions"}],"predecessor-version":[{"id":11264,"href":"https:\/\/koszur.net\/index.php\/wp-json\/wp\/v2\/posts\/11258\/revisions\/11264"}],"wp:featuredmedia":[{"embeddable":true,"href":"https:\/\/koszur.net\/index.php\/wp-json\/wp\/v2\/media\/11260"}],"wp:attachment":[{"href":"https:\/\/koszur.net\/index.php\/wp-json\/wp\/v2\/media?parent=11258"}],"wp:term":[{"taxonomy":"category","embeddable":true,"href":"https:\/\/koszur.net\/index.php\/wp-json\/wp\/v2\/categories?post=11258"},{"taxonomy":"post_tag","embeddable":true,"href":"https:\/\/koszur.net\/index.php\/wp-json\/wp\/v2\/tags?post=11258"}],"curies":[{"name":"wp","href":"https:\/\/api.w.org\/{rel}","templated":true}]}}